{"id":10092,"date":"2022-10-13T19:03:46","date_gmt":"2022-10-13T17:03:46","guid":{"rendered":"https:\/\/www.ibbycat.cat\/?p=10092"},"modified":"2022-10-13T19:15:16","modified_gmt":"2022-10-13T17:15:16","slug":"cavall-fort-te-corda-per-molt-temps","status":"publish","type":"post","link":"https:\/\/www.ibbycat.cat\/es\/cavall-fort-te-corda-per-molt-temps\/","title":{"rendered":"\u201cCavall Fort t\u00e9 corda per molt temps\u201d, augura la recent jubilada directora de la revista"},"content":{"rendered":"<p><strong>Merc\u00e8 Canela (<\/strong>Sant Guim de Freixenet, 1956) \u00e9s escriptora i ha dirigit\u00a0<strong><i>Cavall Fort\u00a0<\/i><\/strong>des de 1998 fins aquest 2022.<\/p>\n<p>S\u2019acaba de <strong>jubilar<\/strong>, coincidint amb el final de la celebraci\u00f3 pels <strong>60 anys de la revista<\/strong>.<\/p>\n<p>A M\u00e8dia.cat &#8211; Observatori Cr\u00edtic dels Mitjans li han fet una <strong>entrevista<\/strong> en la qual han repassat tota la seva traject\u00f2ria i han parlat del futur de la publicaci\u00f3.<\/p>\n<p>La podeu llegir en <a href=\"https:\/\/www.media.cat\/2022\/10\/07\/cavall-fort-te-corda-per-molt-temps\/\" target=\"_blank\" rel=\"noopener\">aquest enlla\u00e7<\/a>.<\/p>\n","protected":false},"excerpt":{"rendered":"<p>Merc\u00e8 Canela (Sant Guim de Freixenet, 1956) \u00e9s escriptora i ha dirigit\u00a0Cavall Fort\u00a0des de 1998 fins aquest 2022. S\u2019acaba de jubilar, coincidint amb el final de la celebraci\u00f3 pels 60 anys de la revista. A M\u00e8dia.cat &#8211; Observatori Cr\u00edtic dels Mitjans li han fet una entrevista en la qual han repassat tota la seva traject\u00f2ria [&hellip;]<\/p>\n","protected":false},"author":3,"featured_media":10093,"comment_status":"open","ping_status":"open","sticky":false,"template":"","format":"standard","meta":{"_acf_changed":false,"inline_featured_image":false,"_monsterinsights_skip_tracking":false,"footnotes":""},"categories":[1],"tags":[],"class_list":["post-10092","post","type-post","status-publish","format-standard","has-post-thumbnail","hentry","category-uncategorized-ca","post-mon-lij-publicacions-lij","post-destinatari-comunitat-lij","post-destinatari-dinteres-general"],"acf":{"photo_gallery":{"galeria":[[]]}},"_links":{"self":[{"href":"https:\/\/www.ibbycat.cat\/es\/wp-json\/wp\/v2\/posts\/10092","targetHints":{"allow":["GET"]}}],"collection":[{"href":"https:\/\/www.ibbycat.cat\/es\/wp-json\/wp\/v2\/posts"}],"about":[{"href":"https:\/\/www.ibbycat.cat\/es\/wp-json\/wp\/v2\/types\/post"}],"author":[{"embeddable":true,"href":"https:\/\/www.ibbycat.cat\/es\/wp-json\/wp\/v2\/users\/3"}],"replies":[{"embeddable":true,"href":"https:\/\/www.ibbycat.cat\/es\/wp-json\/wp\/v2\/comments?post=10092"}],"version-history":[{"count":3,"href":"https:\/\/www.ibbycat.cat\/es\/wp-json\/wp\/v2\/posts\/10092\/revisions"}],"predecessor-version":[{"id":10101,"href":"https:\/\/www.ibbycat.cat\/es\/wp-json\/wp\/v2\/posts\/10092\/revisions\/10101"}],"wp:featuredmedia":[{"embeddable":true,"href":"https:\/\/www.ibbycat.cat\/es\/wp-json\/wp\/v2\/media\/10093"}],"wp:attachment":[{"href":"https:\/\/www.ibbycat.cat\/es\/wp-json\/wp\/v2\/media?parent=10092"}],"wp:term":[{"taxonomy":"category","embeddable":true,"href":"https:\/\/www.ibbycat.cat\/es\/wp-json\/wp\/v2\/categories?post=10092"},{"taxonomy":"post_tag","embeddable":true,"href":"https:\/\/www.ibbycat.cat\/es\/wp-json\/wp\/v2\/tags?post=10092"}],"curies":[{"name":"wp","href":"https:\/\/api.w.org\/{rel}","templated":true}]}}