{"id":10348,"date":"2022-10-27T18:17:47","date_gmt":"2022-10-27T16:17:47","guid":{"rendered":"https:\/\/www.ibbycat.cat\/?p=10348"},"modified":"2022-10-27T18:32:27","modified_gmt":"2022-10-27T16:32:27","slug":"libby-ucraina-celebra-la-conferencia-de-directors-de-biblioteques-per-a-infants-ducraina","status":"publish","type":"post","link":"https:\/\/www.ibbycat.cat\/es\/libby-ucraina-celebra-la-conferencia-de-directors-de-biblioteques-per-a-infants-ducraina\/","title":{"rendered":"L&#8217;IBBY Ucra\u00efna celebra la Confer\u00e8ncia de Directors de Biblioteques per a Infants d&#8217;Ucra\u00efna"},"content":{"rendered":"<p>Enmig d&#8217;unes <strong>condicions extremadament dif\u00edcils<\/strong>, l&#8217;<strong>IBBY Ucra\u00efna<\/strong> va celebrar el passat <strong>18 d&#8217;octubre<\/strong> la <strong>Confer\u00e8ncia de Directors de Biblioteques per a Infants d&#8217;Ucra\u00efna<\/strong> amb el lema <strong>\u00abBiblioteca per a infants: usuaris, comunitat, societat\u00bb<\/strong>. La confer\u00e8ncia va explorar els temes de restauraci\u00f3, preservaci\u00f3 i suport a les institucions culturals, incloses les biblioteques infantils.<\/p>\n<p>La presidenta de l&#8217;IBBY Internacional, <strong>Sylvia Vardell<\/strong>, va fer un discurs de benvinguda on va expressar el seu suport a Ucra\u00efna i als <strong>bibliotecaris valents<\/strong> que no van deixar els infants ni un moment i van continuar oferint-los <strong>suport psicol\u00f2gic<\/strong>, a m\u00e9s dels serveis de la biblioteca.<\/p>\n<p>No us perdeu aquest emotiu <a href=\"https:\/\/www.youtube.com\/watch?v=kby8IU7lT80\" target=\"_blank\" rel=\"noopener\">v\u00eddeo<\/a>.<\/p>\n","protected":false},"excerpt":{"rendered":"<p>Enmig d&#8217;unes condicions extremadament dif\u00edcils, l&#8217;IBBY Ucra\u00efna va celebrar el passat 18 d&#8217;octubre la Confer\u00e8ncia de Directors de Biblioteques per a Infants d&#8217;Ucra\u00efna amb el lema \u00abBiblioteca per a infants: usuaris, comunitat, societat\u00bb. La confer\u00e8ncia va explorar els temes de restauraci\u00f3, preservaci\u00f3 i suport a les institucions culturals, incloses les biblioteques infantils. La presidenta de [&hellip;]<\/p>\n","protected":false},"author":3,"featured_media":10349,"comment_status":"open","ping_status":"open","sticky":false,"template":"","format":"standard","meta":{"_acf_changed":false,"inline_featured_image":false,"_monsterinsights_skip_tracking":false,"footnotes":""},"categories":[1],"tags":[],"class_list":["post-10348","post","type-post","status-publish","format-standard","has-post-thumbnail","hentry","category-uncategorized-ca","post-projecte-ibby-oepli","post-mon-lij-biblioteques-lij","post-destinatari-biblioteques","post-destinatari-dinteres-general"],"acf":{"photo_gallery":{"galeria":[[]]}},"_links":{"self":[{"href":"https:\/\/www.ibbycat.cat\/es\/wp-json\/wp\/v2\/posts\/10348","targetHints":{"allow":["GET"]}}],"collection":[{"href":"https:\/\/www.ibbycat.cat\/es\/wp-json\/wp\/v2\/posts"}],"about":[{"href":"https:\/\/www.ibbycat.cat\/es\/wp-json\/wp\/v2\/types\/post"}],"author":[{"embeddable":true,"href":"https:\/\/www.ibbycat.cat\/es\/wp-json\/wp\/v2\/users\/3"}],"replies":[{"embeddable":true,"href":"https:\/\/www.ibbycat.cat\/es\/wp-json\/wp\/v2\/comments?post=10348"}],"version-history":[{"count":1,"href":"https:\/\/www.ibbycat.cat\/es\/wp-json\/wp\/v2\/posts\/10348\/revisions"}],"predecessor-version":[{"id":10351,"href":"https:\/\/www.ibbycat.cat\/es\/wp-json\/wp\/v2\/posts\/10348\/revisions\/10351"}],"wp:featuredmedia":[{"embeddable":true,"href":"https:\/\/www.ibbycat.cat\/es\/wp-json\/wp\/v2\/media\/10349"}],"wp:attachment":[{"href":"https:\/\/www.ibbycat.cat\/es\/wp-json\/wp\/v2\/media?parent=10348"}],"wp:term":[{"taxonomy":"category","embeddable":true,"href":"https:\/\/www.ibbycat.cat\/es\/wp-json\/wp\/v2\/categories?post=10348"},{"taxonomy":"post_tag","embeddable":true,"href":"https:\/\/www.ibbycat.cat\/es\/wp-json\/wp\/v2\/tags?post=10348"}],"curies":[{"name":"wp","href":"https:\/\/api.w.org\/{rel}","templated":true}]}}