{"id":10664,"date":"2022-11-14T16:45:40","date_gmt":"2022-11-14T15:45:40","guid":{"rendered":"https:\/\/www.ibbycat.cat\/?p=10664"},"modified":"2022-11-17T16:58:45","modified_gmt":"2022-11-17T15:58:45","slug":"alzira-acull-un-any-mes-la-gran-nit-de-les-lletres-valencianes-amb-lentrega-dels-premis-ciutat-dalzira-2022","status":"publish","type":"post","link":"https:\/\/www.ibbycat.cat\/es\/alzira-acull-un-any-mes-la-gran-nit-de-les-lletres-valencianes-amb-lentrega-dels-premis-ciutat-dalzira-2022\/","title":{"rendered":"Alzira acull un any m\u00e9s la gran nit de les lletres valencianes amb l&#8217;entrega dels Premis Ciutat d&#8217;Alzira 2022"},"content":{"rendered":"<p>Un any m\u00e9s, la Sala Rex Natura d&#8217;Alzira va acollir el passat divendres 11 de novembre la <strong>gran nit de les lletres valencianes<\/strong>, en qu\u00e8 m\u00e9s de 600 persones es van reunir per a gaudir d\u2019una <strong>nit de literatura i festa<\/strong>. Amenitzats per la m\u00fasica dels Spanish Brass i amb l\u2019actriu i ballarina <strong>Pepa Cases <\/strong>com a mestra de cerim\u00f2nies, els <strong>XXXIV Premis Literaris Ciutat d\u2019Alzira 2022 <\/strong>van ser finalment el veritable motiu de retrobament.<\/p>\n<p>Els Premis Literaris Ciutat d\u2019Alzira tenen com a objectiu el <strong>foment de la cultura en valenci\u00e0 <\/strong>a trav\u00e9s de la <strong>literatura contempor\u00e0nia<\/strong>. Des dels seus inicis l\u2019any <strong>1989<\/strong> amb el Premi de Novel\u00b7la Ciutat d\u2019Alzira fins a arribar a les vuit modalitats que el componen en l\u2019actualitat, s\u2019ha consolidat com a <strong>un dels referents m\u00e9s importants dins els cert\u00e0mens literaris en valenci\u00e0<\/strong>.<\/p>\n<p>Enguany, els premis en les diferents <strong>categories LIJ<\/strong>, van ser per les seg\u00fcents <strong>obres<\/strong>:<\/p>\n<p><em><strong>Cintur\u00f3 de sang<\/strong><\/em>, de <strong>Rosa Sanchis<\/strong>, va obtenir el Premi a la millor novel\u00b7la per a joves.<\/p>\n<p><em><strong>Qu\u00e8 amaguen els camps?<\/strong>, de <strong>Bel\u00e9n Balaguer<\/strong>, va obtenir el Premi a la millor novel\u00b7la per a infants.<\/em><\/p>\n<p><em><strong>Nora i el soroll misteri\u00f3s<\/strong>, de <strong>Pilar Mart\u00edn San F\u00e9lix <\/strong>i <strong>Ver\u00f3nica Aranda<\/strong>, va obtenir el Premi al millor \u00e0lbum il\u00b7lustrat.<\/em><\/p>\n<p>La <strong>tem\u00e0tica hist\u00f2rica<\/strong> ha estat la protagonista indiscutible de la present edici\u00f3 dels Premis Literaris Ciutat d\u2019Alzira.<\/p>\n<p>A l&#8217;acte hi van ser presents el president de les Corts, <strong>Enric Morera<\/strong>, la consellera de Cultura, <strong>Raquel Tamarit<\/strong>; la consellera de Participaci\u00f3, <strong>Rosa P\u00e9rez<\/strong>; el conseller d\u2019Hisenda, <strong>Arcadi Espa\u00f1a<\/strong>, entre altres representants pol\u00edtics. Tamb\u00e9 la presidenta de l\u2019Acad\u00e8mia Valenciana de la Llengua, <strong>Ver\u00f2nica Cant\u00f3<\/strong> i molts autors que no van voler faltar en aquesta gran nit de les lletres valencianes.<\/p>\n<p><strong>Des de l&#8217;IBBYcat, l&#8217;enhorabona a tots els guanyadors!<\/strong><\/p>\n","protected":false},"excerpt":{"rendered":"<p>Un any m\u00e9s, la Sala Rex Natura d&#8217;Alzira va acollir el passat divendres 11 de novembre la gran nit de les lletres valencianes, en qu\u00e8 m\u00e9s de 600 persones es van reunir per a gaudir d\u2019una nit de literatura i festa. Amenitzats per la m\u00fasica dels Spanish Brass i amb l\u2019actriu i ballarina Pepa Cases [&hellip;]<\/p>\n","protected":false},"author":3,"featured_media":10665,"comment_status":"open","ping_status":"open","sticky":false,"template":"","format":"standard","meta":{"_acf_changed":false,"inline_featured_image":false,"_monsterinsights_skip_tracking":false,"footnotes":""},"categories":[1],"tags":[],"class_list":["post-10664","post","type-post","status-publish","format-standard","has-post-thumbnail","hentry","category-uncategorized-ca","post-mon-lij-premis-lij","post-destinatari-dinteres-general"],"acf":{"photo_gallery":{"galeria":[[]]}},"_links":{"self":[{"href":"https:\/\/www.ibbycat.cat\/es\/wp-json\/wp\/v2\/posts\/10664","targetHints":{"allow":["GET"]}}],"collection":[{"href":"https:\/\/www.ibbycat.cat\/es\/wp-json\/wp\/v2\/posts"}],"about":[{"href":"https:\/\/www.ibbycat.cat\/es\/wp-json\/wp\/v2\/types\/post"}],"author":[{"embeddable":true,"href":"https:\/\/www.ibbycat.cat\/es\/wp-json\/wp\/v2\/users\/3"}],"replies":[{"embeddable":true,"href":"https:\/\/www.ibbycat.cat\/es\/wp-json\/wp\/v2\/comments?post=10664"}],"version-history":[{"count":9,"href":"https:\/\/www.ibbycat.cat\/es\/wp-json\/wp\/v2\/posts\/10664\/revisions"}],"predecessor-version":[{"id":10675,"href":"https:\/\/www.ibbycat.cat\/es\/wp-json\/wp\/v2\/posts\/10664\/revisions\/10675"}],"wp:featuredmedia":[{"embeddable":true,"href":"https:\/\/www.ibbycat.cat\/es\/wp-json\/wp\/v2\/media\/10665"}],"wp:attachment":[{"href":"https:\/\/www.ibbycat.cat\/es\/wp-json\/wp\/v2\/media?parent=10664"}],"wp:term":[{"taxonomy":"category","embeddable":true,"href":"https:\/\/www.ibbycat.cat\/es\/wp-json\/wp\/v2\/categories?post=10664"},{"taxonomy":"post_tag","embeddable":true,"href":"https:\/\/www.ibbycat.cat\/es\/wp-json\/wp\/v2\/tags?post=10664"}],"curies":[{"name":"wp","href":"https:\/\/api.w.org\/{rel}","templated":true}]}}