{"id":110689,"date":"2025-11-28T10:26:53","date_gmt":"2025-11-28T09:26:53","guid":{"rendered":"https:\/\/www.ibbycat.cat\/?p=110689"},"modified":"2025-11-28T10:41:59","modified_gmt":"2025-11-28T09:41:59","slug":"el-dilluns-1-de-desembre-comenca-el-calendari-dadvent-lij-de-libbycat","status":"publish","type":"post","link":"https:\/\/www.ibbycat.cat\/es\/el-dilluns-1-de-desembre-comenca-el-calendari-dadvent-lij-de-libbycat\/","title":{"rendered":"El dilluns 1 de desembre comen\u00e7a el Calendari d&#8217;Advent LIJ de l&#8217;IBBYcat!"},"content":{"rendered":"<p><strong>No us perdeu el\u00a0Calendari d\u2019Advent LIJ de l\u2019IBBYcat a les nostres xarxes!<\/strong><\/p>\n<p>Seguiu-nos!<br \/>\n<strong>Instagram:<\/strong> @premis_apj<br \/>\n<strong>X:<\/strong> @Ibbycat_Consell<\/p>\n<p>El pr\u00f2xim <strong>dilluns 1 de desembre<\/strong> comen\u00e7a el Calendari d\u2019Advent LIJ de l\u2019IBBYcat!<\/p>\n<p>El Calendari d\u2019Advent LIJ de l\u2019IBBYcat \u00e9s una selecci\u00f3 nadalenca una mica especial, que vol <strong>reivindicar el nostre patrimoni LIJ<\/strong>. El seu prop\u00f2sit \u00e9s <strong>recuperar i treure del calaix obres de la LIJ catalana que no volem que caiguin en l\u2019oblit<\/strong>, perqu\u00e8 continu\u00efn arribant a les generacions actuals. Es tracta, doncs, de recordar-les, celebrar-les i retornar-les al present.<\/p>\n<p>Durant els 24 dies d\u2019Advent, compartirem aquesta <strong>tria d\u2019obres recomanades per diverses veus del sector<\/strong>. Un cop finalitzat el calendari, totes les recomanacions <strong>quedaran recollides<\/strong> en un apartat espec\u00edfic de la <strong>web de l\u2019IBBYcat<\/strong>. La voluntat \u00e9s repetir la iniciativa cada any i, amb el temps, construir una <strong>llista viva de cl\u00e0ssics de la LIJ catalana<\/strong> que s\u2019anir\u00e0 ampliant progressivament.<\/p>\n<p><strong>No pretenem elaborar una llista can\u00f2nica<\/strong>, sin\u00f3 un recull coral que, a trav\u00e9s d\u2019un format l\u00fadic com \u00e9s un Calendari d\u2019Advent, recuperi t\u00edtols significatius de la nostra hist\u00f2ria.<\/p>\n<p><strong>Moltes gr\u00e0cies per compartir aquesta iniciativa<\/strong> amb totes aquelles persones que penseu que la poden valorar!<\/p>\n","protected":false},"excerpt":{"rendered":"<p>No us perdeu el\u00a0Calendari d\u2019Advent LIJ de l\u2019IBBYcat a les nostres xarxes! Seguiu-nos! Instagram: @premis_apj X: @Ibbycat_Consell El pr\u00f2xim dilluns 1 de desembre comen\u00e7a el Calendari d\u2019Advent LIJ de l\u2019IBBYcat! El Calendari d\u2019Advent LIJ de l\u2019IBBYcat \u00e9s una selecci\u00f3 nadalenca una mica especial, que vol reivindicar el nostre patrimoni LIJ. El seu prop\u00f2sit \u00e9s recuperar [&hellip;]<\/p>\n","protected":false},"author":3,"featured_media":110693,"comment_status":"open","ping_status":"open","sticky":false,"template":"","format":"standard","meta":{"_acf_changed":false,"rs_blank_template":"","rs_page_bg_color":"","slide_template_v7":"","inline_featured_image":false,"_monsterinsights_skip_tracking":false,"footnotes":""},"categories":[1],"tags":[],"class_list":["post-110689","post","type-post","status-publish","format-standard","has-post-thumbnail","hentry","category-uncategorized-ca","post-projecte-ibbycat","post-mon-lij-seleccions-lij","post-destinatari-dinteres-general"],"acf":{"photo_gallery":{"galeria":[[]]}},"_links":{"self":[{"href":"https:\/\/www.ibbycat.cat\/es\/wp-json\/wp\/v2\/posts\/110689","targetHints":{"allow":["GET"]}}],"collection":[{"href":"https:\/\/www.ibbycat.cat\/es\/wp-json\/wp\/v2\/posts"}],"about":[{"href":"https:\/\/www.ibbycat.cat\/es\/wp-json\/wp\/v2\/types\/post"}],"author":[{"embeddable":true,"href":"https:\/\/www.ibbycat.cat\/es\/wp-json\/wp\/v2\/users\/3"}],"replies":[{"embeddable":true,"href":"https:\/\/www.ibbycat.cat\/es\/wp-json\/wp\/v2\/comments?post=110689"}],"version-history":[{"count":3,"href":"https:\/\/www.ibbycat.cat\/es\/wp-json\/wp\/v2\/posts\/110689\/revisions"}],"predecessor-version":[{"id":110710,"href":"https:\/\/www.ibbycat.cat\/es\/wp-json\/wp\/v2\/posts\/110689\/revisions\/110710"}],"wp:featuredmedia":[{"embeddable":true,"href":"https:\/\/www.ibbycat.cat\/es\/wp-json\/wp\/v2\/media\/110693"}],"wp:attachment":[{"href":"https:\/\/www.ibbycat.cat\/es\/wp-json\/wp\/v2\/media?parent=110689"}],"wp:term":[{"taxonomy":"category","embeddable":true,"href":"https:\/\/www.ibbycat.cat\/es\/wp-json\/wp\/v2\/categories?post=110689"},{"taxonomy":"post_tag","embeddable":true,"href":"https:\/\/www.ibbycat.cat\/es\/wp-json\/wp\/v2\/tags?post=110689"}],"curies":[{"name":"wp","href":"https:\/\/api.w.org\/{rel}","templated":true}]}}