{"id":11561,"date":"2023-01-10T12:50:47","date_gmt":"2023-01-10T11:50:47","guid":{"rendered":"https:\/\/www.ibbycat.cat\/?p=11561"},"modified":"2023-01-12T12:59:40","modified_gmt":"2023-01-12T11:59:40","slug":"11561","status":"publish","type":"post","link":"https:\/\/www.ibbycat.cat\/es\/11561\/","title":{"rendered":"Nova convocat\u00f2ria projectes Erasmus+ Biblioteques escolars"},"content":{"rendered":"<p>El <strong>projecte CETE+ (Consorci Europeu per a la Transformaci\u00f3 Educativa\u200b) <\/strong>\u00e9s un projecte de <strong>set anys<\/strong>, implementat en el marc del nou programa <strong>Erasmus+ <\/strong>gr\u00e0cies a l\u2019acreditaci\u00f3 en l\u2019\u00e0mbit de l\u2019educaci\u00f3 escolar aconseguida pel <strong>Departament d\u2019Educaci\u00f3<\/strong>. Mitjan\u00e7ant aquest projecte es vol, priorit\u00e0riament:<\/p>\n<ul>\n<li>Impulsar la <strong>internacionalitzaci\u00f3<\/strong> de les institucions educatives que hi participin.<\/li>\n<li>Facilitar l\u2019adquisici\u00f3 d\u2019estrat\u00e8gies i compet\u00e8ncies d\u2019alt nivell que contribueixin a la <strong>millora qualitativa de programes o projectes d\u2019innovaci\u00f3 educativa<\/strong> liderats des de diferents unitats (serveis) del Departament d\u2019Educaci\u00f3.<\/li>\n<\/ul>\n<p>S\u2019ha obert una <strong>nova convocat\u00f2ria per participar en aquest projecte<\/strong>, del qual en forma part el Programa de biblioteques escolars.<\/p>\n<p>Podeu trobar tota la informaci\u00f3 <a href=\"https:\/\/projectes.xtec.cat\/bescat\/general\/nova-convocatoria-projectes-erasmus-biblioteques-escolars\/\" target=\"_blank\" rel=\"noopener\">aqu\u00ed<\/a>.<\/p>\n<p>L\u2019admissi\u00f3 de <strong>sol\u00b7licituds<\/strong> finalitza el <strong>20 de gener<\/strong>.<\/p>\n","protected":false},"excerpt":{"rendered":"<p>El projecte CETE+ (Consorci Europeu per a la Transformaci\u00f3 Educativa\u200b) \u00e9s un projecte de set anys, implementat en el marc del nou programa Erasmus+ gr\u00e0cies a l\u2019acreditaci\u00f3 en l\u2019\u00e0mbit de l\u2019educaci\u00f3 escolar aconseguida pel Departament d\u2019Educaci\u00f3. Mitjan\u00e7ant aquest projecte es vol, priorit\u00e0riament: Impulsar la internacionalitzaci\u00f3 de les institucions educatives que hi participin. Facilitar l\u2019adquisici\u00f3 d\u2019estrat\u00e8gies [&hellip;]<\/p>\n","protected":false},"author":3,"featured_media":11562,"comment_status":"open","ping_status":"open","sticky":false,"template":"","format":"standard","meta":{"_acf_changed":false,"inline_featured_image":false,"_monsterinsights_skip_tracking":false,"footnotes":""},"categories":[1],"tags":[],"class_list":["post-11561","post","type-post","status-publish","format-standard","has-post-thumbnail","hentry","category-uncategorized-ca","post-mon-lij-biblioteques-lij","post-destinatari-centres-educatius"],"acf":{"photo_gallery":{"galeria":[[]]}},"_links":{"self":[{"href":"https:\/\/www.ibbycat.cat\/es\/wp-json\/wp\/v2\/posts\/11561","targetHints":{"allow":["GET"]}}],"collection":[{"href":"https:\/\/www.ibbycat.cat\/es\/wp-json\/wp\/v2\/posts"}],"about":[{"href":"https:\/\/www.ibbycat.cat\/es\/wp-json\/wp\/v2\/types\/post"}],"author":[{"embeddable":true,"href":"https:\/\/www.ibbycat.cat\/es\/wp-json\/wp\/v2\/users\/3"}],"replies":[{"embeddable":true,"href":"https:\/\/www.ibbycat.cat\/es\/wp-json\/wp\/v2\/comments?post=11561"}],"version-history":[{"count":2,"href":"https:\/\/www.ibbycat.cat\/es\/wp-json\/wp\/v2\/posts\/11561\/revisions"}],"predecessor-version":[{"id":11565,"href":"https:\/\/www.ibbycat.cat\/es\/wp-json\/wp\/v2\/posts\/11561\/revisions\/11565"}],"wp:featuredmedia":[{"embeddable":true,"href":"https:\/\/www.ibbycat.cat\/es\/wp-json\/wp\/v2\/media\/11562"}],"wp:attachment":[{"href":"https:\/\/www.ibbycat.cat\/es\/wp-json\/wp\/v2\/media?parent=11561"}],"wp:term":[{"taxonomy":"category","embeddable":true,"href":"https:\/\/www.ibbycat.cat\/es\/wp-json\/wp\/v2\/categories?post=11561"},{"taxonomy":"post_tag","embeddable":true,"href":"https:\/\/www.ibbycat.cat\/es\/wp-json\/wp\/v2\/tags?post=11561"}],"curies":[{"name":"wp","href":"https:\/\/api.w.org\/{rel}","templated":true}]}}