{"id":14896,"date":"2023-03-31T13:25:29","date_gmt":"2023-03-31T11:25:29","guid":{"rendered":"https:\/\/www.ibbycat.cat\/?p=14896"},"modified":"2023-03-31T13:25:29","modified_gmt":"2023-03-31T11:25:29","slug":"vallverdu-horitzo-una-exposicio-disponible-per-itinerar-a-partir-del-maig","status":"publish","type":"post","link":"https:\/\/www.ibbycat.cat\/es\/vallverdu-horitzo-una-exposicio-disponible-per-itinerar-a-partir-del-maig\/","title":{"rendered":"&#8216;Vallverd\u00fa, horitz\u00f3&#8217;, una exposici\u00f3 disponible per itinerar a partir del maig"},"content":{"rendered":"<p>La <strong>Instituci\u00f3 de les Lletres Catalanes (ILC) <\/strong>posa a disposici\u00f3 de totes les entitats culturals interessades una <strong>exposici\u00f3 itinerant de Josep Vallverd\u00fa<\/strong> a partir del mes de maig.<\/p>\n<p>Ideada per <strong>Carme Vidalhuguet<\/strong>, comiss\u00e0ria de l\u2019Any Josep Vallverd\u00fa, aquesta exposici\u00f3 de petit format busca explicar la vida i obra de Josep Vallverd\u00fa per acostar la seva figura poli\u00e8drica al p\u00fablic general, en especial les seves cares m\u00e9s poc conegudes. Aquest objectiu s\u2019assoleix amb sis plafons il\u00b7lustrats, que facilitaran la itiner\u00e0ncia i divulgaci\u00f3 de l\u2019exposici\u00f3. D\u2019aquests plafons se&#8217;n crearan diverses c\u00f2pies per tal que arribin arreu dels territoris de parla catalana.<\/p>\n<p>L&#8217;exposici\u00f3 est\u00e0 desenvolupada a partir dels <strong>\u00e0mbits<\/strong> seg\u00fcents:<\/p>\n<ul>\n<li>Escriptor per vocaci\u00f3.<\/li>\n<li>L&#8217;horitz\u00f3 de la narrativa: escriptor de ficcions per a joves i adults i els contes.<\/li>\n<li>L&#8217;horitz\u00f3 de la traducci\u00f3.<\/li>\n<li>Els llibres personals.<\/li>\n<li>L&#8217;horitz\u00f3 de la poesia.<\/li>\n<li>L&#8217;activisme cultural.<\/li>\n<\/ul>\n<p>Podeu trobar tota la <strong>informaci\u00f3<\/strong> detallada i con\u00e8ixer <strong>com demanar-la <a href=\"https:\/\/cultura.gencat.cat\/ca\/temes\/commemoracions\/2023\/anyjosepvallverdu\/recursos\/exposicions\/vallverdu-horitzo\/\" target=\"_blank\" rel=\"noopener\">aqu\u00ed<\/a><\/strong>.<\/p>\n","protected":false},"excerpt":{"rendered":"<p>La Instituci\u00f3 de les Lletres Catalanes (ILC) posa a disposici\u00f3 de totes les entitats culturals interessades una exposici\u00f3 itinerant de Josep Vallverd\u00fa a partir del mes de maig. Ideada per Carme Vidalhuguet, comiss\u00e0ria de l\u2019Any Josep Vallverd\u00fa, aquesta exposici\u00f3 de petit format busca explicar la vida i obra de Josep Vallverd\u00fa per acostar la seva [&hellip;]<\/p>\n","protected":false},"author":3,"featured_media":11524,"comment_status":"open","ping_status":"open","sticky":false,"template":"","format":"standard","meta":{"_acf_changed":false,"rs_blank_template":"","rs_page_bg_color":"","slide_template_v7":"","inline_featured_image":false,"_monsterinsights_skip_tracking":false,"footnotes":""},"categories":[1],"tags":[],"class_list":["post-14896","post","type-post","status-publish","format-standard","has-post-thumbnail","hentry","category-uncategorized-ca","post-mon-lij-autors-lij","post-destinatari-comunitat-lij","post-destinatari-entitats-culturals"],"acf":{"photo_gallery":{"galeria":[[]]}},"_links":{"self":[{"href":"https:\/\/www.ibbycat.cat\/es\/wp-json\/wp\/v2\/posts\/14896","targetHints":{"allow":["GET"]}}],"collection":[{"href":"https:\/\/www.ibbycat.cat\/es\/wp-json\/wp\/v2\/posts"}],"about":[{"href":"https:\/\/www.ibbycat.cat\/es\/wp-json\/wp\/v2\/types\/post"}],"author":[{"embeddable":true,"href":"https:\/\/www.ibbycat.cat\/es\/wp-json\/wp\/v2\/users\/3"}],"replies":[{"embeddable":true,"href":"https:\/\/www.ibbycat.cat\/es\/wp-json\/wp\/v2\/comments?post=14896"}],"version-history":[{"count":1,"href":"https:\/\/www.ibbycat.cat\/es\/wp-json\/wp\/v2\/posts\/14896\/revisions"}],"predecessor-version":[{"id":14897,"href":"https:\/\/www.ibbycat.cat\/es\/wp-json\/wp\/v2\/posts\/14896\/revisions\/14897"}],"wp:featuredmedia":[{"embeddable":true,"href":"https:\/\/www.ibbycat.cat\/es\/wp-json\/wp\/v2\/media\/11524"}],"wp:attachment":[{"href":"https:\/\/www.ibbycat.cat\/es\/wp-json\/wp\/v2\/media?parent=14896"}],"wp:term":[{"taxonomy":"category","embeddable":true,"href":"https:\/\/www.ibbycat.cat\/es\/wp-json\/wp\/v2\/categories?post=14896"},{"taxonomy":"post_tag","embeddable":true,"href":"https:\/\/www.ibbycat.cat\/es\/wp-json\/wp\/v2\/tags?post=14896"}],"curies":[{"name":"wp","href":"https:\/\/api.w.org\/{rel}","templated":true}]}}