{"id":14928,"date":"2023-04-05T18:10:41","date_gmt":"2023-04-05T16:10:41","guid":{"rendered":"https:\/\/www.ibbycat.cat\/?p=14928"},"modified":"2023-04-17T17:39:18","modified_gmt":"2023-04-17T15:39:18","slug":"torna-sant-jordi-als-hospitals-crida-a-autors-es","status":"publish","type":"post","link":"https:\/\/www.ibbycat.cat\/es\/torna-sant-jordi-als-hospitals-crida-a-autors-es\/","title":{"rendered":"Torna Sant Jordi als hospitals! Crida a autors\/es"},"content":{"rendered":"<p><strong>Torna Sant Jordi als hospitals! <\/strong><\/p>\n<p>Ja fa 14 anys que des de l&#8217;IBBYcat organitzem les <strong>visites d\u2019autors als hospitals<\/strong> per celebrar el Dia del Llibre amb infants i joves hospitalitzats. Una iniciativa de la <strong>Fundaci\u00f3 Jordi Sierra i Fabra<\/strong> que vam entomar des dels seus inicis amb tot l\u2019entusiasme.<\/p>\n<p>Al llarg d\u2019un mat\u00ed o tarda, i amb l\u2019acompanyament dels docents de les <strong>aules hospital\u00e0ries<\/strong>, els autors, de manera <strong>volunt\u00e0ria<\/strong>, van a con\u00e8ixer els nens i nenes ingressats, els <strong>llegeixen i parlen dels seus llibres<\/strong>, xerren una estona amb ells, i aprofiten aquest moment cr\u00edtic en qu\u00e8 es troben per encomanar-los el gust per la lectura.<\/p>\n<p>Enguany, hem constatat un <strong>augment important de la demanda de les unitats de salut mental de joves<\/strong>, la qual cosa \u00e9s una not\u00edcia trista i preocupant, i \u00e9s per aix\u00f2 que aquest any necessitem que els escriptors i il\u00b7lustradors que hi vulguin participar s&#8217;enfoquin, especialment, en aquest p\u00fablic.<\/p>\n<p>Llancem una crida a <strong>40 autors<\/strong>, una vintena d\u2019<strong>escriptors<\/strong> i una vintena d\u2019<strong>il\u00b7lustradors<\/strong>, per visitar un total de <strong>20 hospitals<\/strong> de les prov\u00edncies de <strong>Barcelona<\/strong>, <strong>Lleida<\/strong>, <strong>Tarragona<\/strong> i del <strong>Pa\u00eds Valenci\u00e0<\/strong>.<\/p>\n<p>Per tal de facilitar la log\u00edstica, enguany hem incorporat algunes <strong>novetats<\/strong> respecte als anys anteriors:<\/p>\n<ul>\n<li>Els autors es poden inscriure directament a una de les sessions que ens han demanat des de cada un dels hospitals, en un horari concret i segons el seu perfil.<\/li>\n<li>Els autors poden portar directament els llibres a les aules hospital\u00e0ries per regalar-los als infants i joves, sense necessitat d\u2019enviar-los primer a les nostres oficines. Per part nostra, tamb\u00e9 farem arribar un lot de llibres diversos, a cada centre.<\/li>\n<\/ul>\n<p>En aquest <a href=\"https:\/\/www.ibbycat.cat\/wp-content\/uploads\/Sant-Jordi-als-Hospitals-2023-Dossier-2.pdf\" target=\"_blank\" rel=\"noopener\"><strong>dossier<\/strong><\/a> trobareu la informaci\u00f3 completa de la iniciativa.<\/p>\n<p>Els interessats poden inscriure&#8217;s a trav\u00e9s d&#8217;aquest <a href=\"https:\/\/forms.gle\/y7dZTGYX1cW6Xd2A6\" target=\"_blank\" rel=\"noopener\"><strong>formulari<\/strong><\/a>.<\/p>\n<p><strong>Animem a tots els autors\/es a participar en aquesta experi\u00e8ncia tant gratificant com necess\u00e0ria!<\/strong><\/p>\n","protected":false},"excerpt":{"rendered":"<p>Torna Sant Jordi als hospitals! Ja fa 14 anys que des de l&#8217;IBBYcat organitzem les visites d\u2019autors als hospitals per celebrar el Dia del Llibre amb infants i joves hospitalitzats. Una iniciativa de la Fundaci\u00f3 Jordi Sierra i Fabra que vam entomar des dels seus inicis amb tot l\u2019entusiasme. Al llarg d\u2019un mat\u00ed o tarda, [&hellip;]<\/p>\n","protected":false},"author":3,"featured_media":14929,"comment_status":"open","ping_status":"open","sticky":false,"template":"","format":"standard","meta":{"_acf_changed":false,"rs_blank_template":"","rs_page_bg_color":"","slide_template_v7":"","inline_featured_image":false,"_monsterinsights_skip_tracking":false,"footnotes":""},"categories":[1],"tags":[],"class_list":["post-14928","post","type-post","status-publish","format-standard","has-post-thumbnail","hentry","category-uncategorized-ca","post-projecte-ibbycat","post-projecte-sant-jordi-als-hospitals","post-mon-lij-iniciatives-lij","post-destinatari-creadors-lij"],"acf":{"photo_gallery":{"galeria":[[]]}},"_links":{"self":[{"href":"https:\/\/www.ibbycat.cat\/es\/wp-json\/wp\/v2\/posts\/14928","targetHints":{"allow":["GET"]}}],"collection":[{"href":"https:\/\/www.ibbycat.cat\/es\/wp-json\/wp\/v2\/posts"}],"about":[{"href":"https:\/\/www.ibbycat.cat\/es\/wp-json\/wp\/v2\/types\/post"}],"author":[{"embeddable":true,"href":"https:\/\/www.ibbycat.cat\/es\/wp-json\/wp\/v2\/users\/3"}],"replies":[{"embeddable":true,"href":"https:\/\/www.ibbycat.cat\/es\/wp-json\/wp\/v2\/comments?post=14928"}],"version-history":[{"count":5,"href":"https:\/\/www.ibbycat.cat\/es\/wp-json\/wp\/v2\/posts\/14928\/revisions"}],"predecessor-version":[{"id":14980,"href":"https:\/\/www.ibbycat.cat\/es\/wp-json\/wp\/v2\/posts\/14928\/revisions\/14980"}],"wp:featuredmedia":[{"embeddable":true,"href":"https:\/\/www.ibbycat.cat\/es\/wp-json\/wp\/v2\/media\/14929"}],"wp:attachment":[{"href":"https:\/\/www.ibbycat.cat\/es\/wp-json\/wp\/v2\/media?parent=14928"}],"wp:term":[{"taxonomy":"category","embeddable":true,"href":"https:\/\/www.ibbycat.cat\/es\/wp-json\/wp\/v2\/categories?post=14928"},{"taxonomy":"post_tag","embeddable":true,"href":"https:\/\/www.ibbycat.cat\/es\/wp-json\/wp\/v2\/tags?post=14928"}],"curies":[{"name":"wp","href":"https:\/\/api.w.org\/{rel}","templated":true}]}}