{"id":16335,"date":"2023-06-26T09:23:53","date_gmt":"2023-06-26T07:23:53","guid":{"rendered":"https:\/\/www.ibbycat.cat\/?p=16335"},"modified":"2023-06-30T09:36:57","modified_gmt":"2023-06-30T07:36:57","slug":"ximo-cerda-i-maria-josep-paya-guanyadors-dels-xxxiii-premis-de-la-critica-dels-escriptors-valencians","status":"publish","type":"post","link":"https:\/\/www.ibbycat.cat\/es\/ximo-cerda-i-maria-josep-paya-guanyadors-dels-xxxiii-premis-de-la-critica-dels-escriptors-valencians\/","title":{"rendered":"Ximo Cerd\u00e0 i Maria Josep Pay\u00e0, guanyadors dels XXXIII Premis de la Cr\u00edtica dels Escriptors Valencians"},"content":{"rendered":"<p>El passat divendres <strong>16 de juny<\/strong> va tenir lloc l&#8217;<strong>acte de lliurament dels XXXIII Premis de la Cr\u00edtica dels Escriptors Valencians<\/strong>\u00a0al Centre Cultural La Benefic\u00e8ncia de Val\u00e8ncia.<\/p>\n<p>Els Premis de la Cr\u00edtica dels Escriptors Valencians (PCEV) van ser instituits per l\u2019<strong>AELC<\/strong> l\u2019any 1991 per tal de <strong>fomentar la literatura en catal\u00e0 al Pa\u00eds Valenci\u00e0<\/strong>. Amb el pas del temps, aquests premis s\u2019han consolidat com un esdeveniment de primer ordre. Compten amb el patrocini de la Instituci\u00f3 Alfons el Magn\u00e0nim &#8211; Diputaci\u00f3 de Val\u00e8ncia.<\/p>\n<p>En les <strong>categories de LIJ<\/strong>, els <strong>guardonats<\/strong> han estat:<\/p>\n<p><em><strong>El secret del contacontes<\/strong><\/em> (Bromera), de <strong>Ximo Cerd\u00e0<\/strong> (X\u00e0tiva, 1975), ha guanyat el premi en la <strong>categoria de literatura juvenil<\/strong>. Es tracta d\u2019un viatge a finals del segle XIX a la capital d\u2019un pa\u00eds imaginari que presenta una hist\u00f2ria de fantasia cl\u00e0ssica i altres ingredients que transporta el lector a un m\u00f3n retrofuturista amb resson\u00e0ncies victorianes. El jurat ha qualificat la novel\u00b7la com a \u201ctrepidant\u201d i ha manifestat que \u201cl\u2019autor ha sabut barrejar la trama d\u2019una aventura fant\u00e0stica per incloure reflexions humanes sobre les m\u00e0scares que permeten protegir-nos del dolor, sobre la feblesa i les pors i com enfrontar-les, sobre l\u2019amistat i el perd\u00f3, i, sobretot, sobre la relaci\u00f3 que establim amb els records, que fan de nosaltres el que som\u201d.<\/p>\n<p>En la modalitat de <strong>literatura infantil<\/strong> ha destacat <strong>Maria Josep Pay\u00e0<\/strong> (Beneixama, 1970) i la seva <em><strong>Mariola i la botiga de la font<\/strong><\/em> (Bromera), una obra que reflexiona sobre el despoblament del m\u00f3n rural i el tancament de negocis de proximitat. El jurat ha subratllat que \u201camb una trama senzilla i un llenguatge agrad\u00f3s, l&#8217;autora ens implica en l&#8217;obra i ens fa part\u00edcips de la preocupaci\u00f3 de xiquets i xiquetes, ens transmet la seua il\u00b7lusi\u00f3, l&#8217;esfor\u00e7 i la compenetraci\u00f3 per aconseguir el seu prop\u00f2sit\u201d.<\/p>\n<p>Durant l\u2019acte tamb\u00e9 es va fer un <strong>homenatge a l\u2019escriptora valenciana Marisol Gonz\u00e1lez<\/strong> (Castell\u00f3, 1962), autora d\u2019una dotzena de llibres de poesia, un de contes i un altre de frases fetes al nord del Pa\u00eds Valenci\u00e0. <\/p>\n<p><strong>Enhorabona a tots els guardonats!<\/strong><\/p>\n","protected":false},"excerpt":{"rendered":"<p>El passat divendres 16 de juny va tenir lloc l&#8217;acte de lliurament dels XXXIII Premis de la Cr\u00edtica dels Escriptors Valencians\u00a0al Centre Cultural La Benefic\u00e8ncia de Val\u00e8ncia. Els Premis de la Cr\u00edtica dels Escriptors Valencians (PCEV) van ser instituits per l\u2019AELC l\u2019any 1991 per tal de fomentar la literatura en catal\u00e0 al Pa\u00eds Valenci\u00e0. Amb [&hellip;]<\/p>\n","protected":false},"author":3,"featured_media":16336,"comment_status":"open","ping_status":"open","sticky":false,"template":"","format":"standard","meta":{"_acf_changed":false,"inline_featured_image":false,"_monsterinsights_skip_tracking":false,"footnotes":""},"categories":[1],"tags":[],"class_list":["post-16335","post","type-post","status-publish","format-standard","has-post-thumbnail","hentry","category-uncategorized-ca","post-mon-lij-premis-lij","post-destinatari-dinteres-general"],"acf":{"photo_gallery":{"galeria":[[]]}},"_links":{"self":[{"href":"https:\/\/www.ibbycat.cat\/es\/wp-json\/wp\/v2\/posts\/16335","targetHints":{"allow":["GET"]}}],"collection":[{"href":"https:\/\/www.ibbycat.cat\/es\/wp-json\/wp\/v2\/posts"}],"about":[{"href":"https:\/\/www.ibbycat.cat\/es\/wp-json\/wp\/v2\/types\/post"}],"author":[{"embeddable":true,"href":"https:\/\/www.ibbycat.cat\/es\/wp-json\/wp\/v2\/users\/3"}],"replies":[{"embeddable":true,"href":"https:\/\/www.ibbycat.cat\/es\/wp-json\/wp\/v2\/comments?post=16335"}],"version-history":[{"count":2,"href":"https:\/\/www.ibbycat.cat\/es\/wp-json\/wp\/v2\/posts\/16335\/revisions"}],"predecessor-version":[{"id":16340,"href":"https:\/\/www.ibbycat.cat\/es\/wp-json\/wp\/v2\/posts\/16335\/revisions\/16340"}],"wp:featuredmedia":[{"embeddable":true,"href":"https:\/\/www.ibbycat.cat\/es\/wp-json\/wp\/v2\/media\/16336"}],"wp:attachment":[{"href":"https:\/\/www.ibbycat.cat\/es\/wp-json\/wp\/v2\/media?parent=16335"}],"wp:term":[{"taxonomy":"category","embeddable":true,"href":"https:\/\/www.ibbycat.cat\/es\/wp-json\/wp\/v2\/categories?post=16335"},{"taxonomy":"post_tag","embeddable":true,"href":"https:\/\/www.ibbycat.cat\/es\/wp-json\/wp\/v2\/tags?post=16335"}],"curies":[{"name":"wp","href":"https:\/\/api.w.org\/{rel}","templated":true}]}}