{"id":16677,"date":"2023-07-27T18:42:04","date_gmt":"2023-07-27T16:42:04","guid":{"rendered":"https:\/\/www.ibbycat.cat\/?p=16677"},"modified":"2023-07-27T18:54:11","modified_gmt":"2023-07-27T16:54:11","slug":"el-comite-de-cultura-i-educacio-demana-donar-suport-al-sector-del-llibre-de-la-ue-i-promoure-la-lectura","status":"publish","type":"post","link":"https:\/\/www.ibbycat.cat\/es\/el-comite-de-cultura-i-educacio-demana-donar-suport-al-sector-del-llibre-de-la-ue-i-promoure-la-lectura\/","title":{"rendered":"El Comit\u00e8 de Cultura i Educaci\u00f3 demana donar suport al sector del llibre de la UE i promoure la lectura"},"content":{"rendered":"<p>Aquest passat <strong>dimarts 25 de juliol<\/strong>, els eurodiputats de la Comissi\u00f3 de Cultura i Educaci\u00f3 van fer una <strong>crida per abordar els problemes als quals s\u2019enfronta el sector del llibre de la UE<\/strong>, com ara la compet\u00e8ncia deslleial o l\u2019escassetat de paper, donant suport a autors, traductors, editors i distribu\u00efdors.<\/p>\n<p>En un <strong>text aprovat per 27 vots a favor, cap en contra i 1 abstenci\u00f3<\/strong>, els eurodiputats van manifestar la seva preocupaci\u00f3 per la tend\u00e8ncia creixent a la censura i autocensura en alguns Estats membres, la compet\u00e8ncia deslleial entre els distribu\u00efdors en l\u00ednia dominants i les llibreries independents, aix\u00ed com l\u2019escassetat actual de paper i tinta i l\u2019augment dels costos causats per la invasi\u00f3 de R\u00fassia a Ucra\u00efna.<\/p>\n<p>L&#8217;<strong>IBBYcat<\/strong>, aix\u00ed com totes les entitats del sector, <strong>ha participat en aquesta iniciativa del Parlament Europeu donant-hi suport i amb l&#8217;aportaci\u00f3 d&#8217;esmenes i idees<\/strong> a favor de pol\u00edtiques de foment lector en la primera inf\u00e0ncia. Aquesta feina de sector s&#8217;ha vehiculat a trav\u00e9s d&#8217;una reuni\u00f3 de treball amb l&#8217;eurodiputada <strong>Diana Riba<\/strong> i <strong>Xiomara Villa<\/strong>.<\/p>\n<p><em>\u201c\u00c9s la primera vegada en 10 anys que el Parlament Europeu mira les necessitats d\u2019aquest important sector. Hem adaptat les nostres recomanacions per ajudar el sector a respondre als nombrosos reptes als quals s\u2019enfronta ara, com ara la sostenibilitat ambiental, la transpar\u00e8ncia de la IA, la interoperabilitat dels llibres electr\u00f2nics o la compet\u00e8ncia justa al mercat\u201d, va dir el ponent Tomasz Frankowski (PPE, PL).<\/em><\/p>\n<p><em>\u201cEn \u00faltima inst\u00e0ncia, pretenem promoure la lectura i l\u2019edici\u00f3 de llibres als pa\u00efsos de la UE mitjan\u00e7ant diferents iniciatives proposades, com ara el primer programa de llibres per a nens, un segell que mostra llibreries independents a la UE o la introducci\u00f3 de vals culturals\u201d, ha afegit.<\/em><\/p>\n<p><span style=\"color: #ff0000;\"><strong>Suport al sector del llibre infantil<\/strong><\/span><\/p>\n<p>Subratllant la import\u00e0ncia de la lectura en la primera inf\u00e0ncia, els membres suggereixen, per exemple, la creaci\u00f3 d\u2019una categoria de llibres infantils al Premi de Literatura de la UE, aix\u00ed com un \u201cprograma del primer llibre\u201d a tota la UE, que proporcioni un primer llibre i un carnet de biblioteca als nens.<\/p>\n<p><span style=\"color: #ff0000;\"><strong>Fomentar la traducci\u00f3<\/strong><\/span><\/p>\n<p>L\u2019informe demana a la Comissi\u00f3 i als Estats membres que donin suport a la traducci\u00f3 de llibres en lleng\u00fces regionals, minorit\u00e0ries i menys utilitzades i, en general, d\u2019idiomes diferents de l\u2019angl\u00e8s, aix\u00ed com la traducci\u00f3 de llibres europeus de no-ficci\u00f3.<\/p>\n<p><span style=\"color: #ff0000;\"><strong>Fomentar la lectura<\/strong><\/span><\/p>\n<p>En assenyalar el descens constant de la lectura, el comit\u00e8 CULT demana que els llibres siguin m\u00e9s assequibles i accessibles al p\u00fablic, demanant un IVA de tipus zero per a tots els formats de llibres als Estats membres.<\/p>\n<p>Suggereixen distribuir \u201cvals culturals\u201d que es puguin utilitzar per comprar obres liter\u00e0ries europees.<\/p>\n<p>Finalment, els diputats asseguren que encara una proporci\u00f3 insuficient de llibres es produeixen en formats accessibles a les persones amb discapacitat, i demanen accelerar la recerca i la innovaci\u00f3 dedicada a l\u2019accessibilitat.<\/p>\n<p><span style=\"color: #ff0000;\"><strong>Ecologitzaci\u00f3 del sector<\/strong><\/span><\/p>\n<p>La Comissi\u00f3 i els Estats membres han de donar suport al sector en la seva transici\u00f3 verda en totes les parts de la cadena de subministrament, incl\u00f2s en l\u2019\u00fas de mat\u00e8ries primeres, envasos sostenibles i transport necessaris per a la producci\u00f3 i distribuci\u00f3 de llibres impresos. Segons els eurodiputats, els programes d&#8217;\u201cimpressi\u00f3 sota demanda\u201d i les limitacions per a la pasta de llibres podrien aportar m\u00e9s sostenibilitat al sector.<\/p>\n<p><span style=\"color: #ff0000;\"><strong>Fons<\/strong><\/span><\/p>\n<p>El sector del llibre europeu \u00e9s una de les ind\u00fastries culturals i creatives m\u00e9s grans d\u2019Europa, amb uns 600.000 t\u00edtols publicats anualment i amb m\u00e9s de mig mili\u00f3 de persones ocupades a la cadena de valor global.<\/p>\n<p>Segons la Federaci\u00f3 d\u2019Editors Europeus, els llibres impresos representen al voltant del 85% de les vendes de llibres al mercat europeu i s\u00f3n especialment preferits pels lectors joves. Al mateix temps, molts dels llibres infantils europeus s\u2019imprimeixen a \u00c0sia a causa de la manca de capacitat de producci\u00f3 adequada a Europa.<\/p>\n<p>Per saber m\u00e9s sobre <strong>com funcionen les comissions parlament\u00e0ries<\/strong> i els seus procediments, podeu descarregar-vos aquest <a href=\"https:\/\/www.ibbycat.cat\/wp-content\/uploads\/About-committees-booklet-ES.pdf\" target=\"_blank\" rel=\"noopener\">document del Parlament Europeu<\/a>.<\/p>\n<p>La <strong>pr\u00f2xima reuni\u00f3<\/strong> de la Comissi\u00f3 de Cultura i Educaci\u00f3 tindr\u00e0 lloc el <strong>dijous 7 de setembre del 2023<\/strong>.<\/p>\n","protected":false},"excerpt":{"rendered":"<p>Aquest passat dimarts 25 de juliol, els eurodiputats de la Comissi\u00f3 de Cultura i Educaci\u00f3 van fer una crida per abordar els problemes als quals s\u2019enfronta el sector del llibre de la UE, com ara la compet\u00e8ncia deslleial o l\u2019escassetat de paper, donant suport a autors, traductors, editors i distribu\u00efdors. En un text aprovat per [&hellip;]<\/p>\n","protected":false},"author":3,"featured_media":16678,"comment_status":"open","ping_status":"open","sticky":false,"template":"","format":"standard","meta":{"_acf_changed":false,"rs_blank_template":"","rs_page_bg_color":"","slide_template_v7":"","inline_featured_image":false,"_monsterinsights_skip_tracking":false,"footnotes":""},"categories":[1],"tags":[],"class_list":["post-16677","post","type-post","status-publish","format-standard","has-post-thumbnail","hentry","category-uncategorized-ca","post-mon-lij-promocio-lectura","post-mon-lij-sector","post-destinatari-dinteres-general"],"acf":{"photo_gallery":{"galeria":[[]]}},"_links":{"self":[{"href":"https:\/\/www.ibbycat.cat\/es\/wp-json\/wp\/v2\/posts\/16677","targetHints":{"allow":["GET"]}}],"collection":[{"href":"https:\/\/www.ibbycat.cat\/es\/wp-json\/wp\/v2\/posts"}],"about":[{"href":"https:\/\/www.ibbycat.cat\/es\/wp-json\/wp\/v2\/types\/post"}],"author":[{"embeddable":true,"href":"https:\/\/www.ibbycat.cat\/es\/wp-json\/wp\/v2\/users\/3"}],"replies":[{"embeddable":true,"href":"https:\/\/www.ibbycat.cat\/es\/wp-json\/wp\/v2\/comments?post=16677"}],"version-history":[{"count":10,"href":"https:\/\/www.ibbycat.cat\/es\/wp-json\/wp\/v2\/posts\/16677\/revisions"}],"predecessor-version":[{"id":16694,"href":"https:\/\/www.ibbycat.cat\/es\/wp-json\/wp\/v2\/posts\/16677\/revisions\/16694"}],"wp:featuredmedia":[{"embeddable":true,"href":"https:\/\/www.ibbycat.cat\/es\/wp-json\/wp\/v2\/media\/16678"}],"wp:attachment":[{"href":"https:\/\/www.ibbycat.cat\/es\/wp-json\/wp\/v2\/media?parent=16677"}],"wp:term":[{"taxonomy":"category","embeddable":true,"href":"https:\/\/www.ibbycat.cat\/es\/wp-json\/wp\/v2\/categories?post=16677"},{"taxonomy":"post_tag","embeddable":true,"href":"https:\/\/www.ibbycat.cat\/es\/wp-json\/wp\/v2\/tags?post=16677"}],"curies":[{"name":"wp","href":"https:\/\/api.w.org\/{rel}","templated":true}]}}