{"id":17118,"date":"2023-09-14T18:08:48","date_gmt":"2023-09-14T16:08:48","guid":{"rendered":"https:\/\/www.ibbycat.cat\/?p=17118"},"modified":"2023-09-14T18:11:02","modified_gmt":"2023-09-14T16:11:02","slug":"informe-sobre-el-futur-del-sector-llibre-a-la-ue","status":"publish","type":"post","link":"https:\/\/www.ibbycat.cat\/es\/informe-sobre-el-futur-del-sector-llibre-a-la-ue\/","title":{"rendered":"Informe sobre el Futur del Sector Llibre a la UE"},"content":{"rendered":"<p>Tal com avan\u00e7\u00e0vem en una not\u00edcia el passat mes de juliol, el <strong>Parlament Europeu<\/strong> ha adoptat avui al seu ple l&#8217;<strong>Informe sobre el Futur del Sector Llibre a la UE<\/strong>.<\/p>\n<p>Aquest text \u00e9s una <strong>fita rellevant<\/strong> pel sector, perqu\u00e8 per primer cop les institucions europees dediquen un informe espec\u00edfic al m\u00f3n del llibre i marquen, aix\u00ed, l&#8217;orientaci\u00f3 pol\u00edtica que el Parlament Europeu voldria veure reflectida en aquest \u00e0mbit als anys vinents.<\/p>\n<p>Destaquem, per exemple, que aquest informe:<\/p>\n<ul>\n<li>Demana a tots els estats membres que reconeguin els llibres com a b\u00e9ns essencials amb <strong>IVA 0%<\/strong>;<\/li>\n<li>Demana als estats membres i a la Comissi\u00f3 <strong>suport en la traducci\u00f3 a les anomenades lleng\u00fces regionals i minorit\u00e0ries<\/strong>;<\/li>\n<li>Posa als <strong>autors al centre<\/strong> i els reconeix com l&#8217;eix vertebrador del sector. Autors i traductors han de poder gaudir d\u2019oportunitats de mobilitat i intercanvi, remuneraci\u00f3 justa i condicions laborals dignes;<\/li>\n<li>Destaca el <strong>paper de les biblioteques i subratlla el seu rol social<\/strong>, amb una menci\u00f3 especial a les biblioteques escolars i al paper dels bibliotecaris;<\/li>\n<li>Subratlla que les <strong>llibreries independents s\u00f3n pedra angular de l&#8217;oferta local<\/strong>, demana pol\u00edtiques per a tots aquells que volen desenvolupar la seva vida professional en la ind\u00fastria del llibre; demana als estats membres suport l&#8217;educaci\u00f3 i la formaci\u00f3 amb programes dedicats als diferents actors del sector del llibre;<\/li>\n<li><strong>Condemna les tend\u00e8ncies creixents cap a la censura<\/strong> en alguns estats membres i els atacs que pateixen biblioteques i llibreries;<\/li>\n<li>Anima els estats membres a desenvolupar una pol\u00edtica nacional integrada de lectura en <strong>cooperaci\u00f3 entre el sector de l&#8217;educaci\u00f3 i el llibre<\/strong>, aix\u00ed com m\u00e9s <strong>suport als llibres infantils<\/strong> establint, per exemple, \u00abprogrames del primer llibre\u00bb.<\/li>\n<\/ul>\n<p>Podeu llegir l&#8217;informe complet <a href=\"https:\/\/www.ibbycat.cat\/wp-content\/uploads\/REPORT_On-the-Future-of-the-European-Book-Sector_EN.pdf\">aqu\u00ed<\/a>.<\/p>\n<p><strong>Des de l&#8217;IBBYcat, celebrem aquesta bona not\u00edcia per al sector!<\/strong><\/p>\n<p>&nbsp;<\/p>\n","protected":false},"excerpt":{"rendered":"<p>Tal com avan\u00e7\u00e0vem en una not\u00edcia el passat mes de juliol, el Parlament Europeu ha adoptat avui al seu ple l&#8217;Informe sobre el Futur del Sector Llibre a la UE. Aquest text \u00e9s una fita rellevant pel sector, perqu\u00e8 per primer cop les institucions europees dediquen un informe espec\u00edfic al m\u00f3n del llibre i marquen, [&hellip;]<\/p>\n","protected":false},"author":3,"featured_media":17123,"comment_status":"open","ping_status":"open","sticky":false,"template":"","format":"standard","meta":{"_acf_changed":false,"rs_blank_template":"","rs_page_bg_color":"","slide_template_v7":"","inline_featured_image":false,"_monsterinsights_skip_tracking":false,"footnotes":""},"categories":[1],"tags":[],"class_list":["post-17118","post","type-post","status-publish","format-standard","has-post-thumbnail","hentry","category-uncategorized-ca","post-mon-lij-sector","post-destinatari-dinteres-general"],"acf":{"photo_gallery":{"galeria":[[]]}},"_links":{"self":[{"href":"https:\/\/www.ibbycat.cat\/es\/wp-json\/wp\/v2\/posts\/17118","targetHints":{"allow":["GET"]}}],"collection":[{"href":"https:\/\/www.ibbycat.cat\/es\/wp-json\/wp\/v2\/posts"}],"about":[{"href":"https:\/\/www.ibbycat.cat\/es\/wp-json\/wp\/v2\/types\/post"}],"author":[{"embeddable":true,"href":"https:\/\/www.ibbycat.cat\/es\/wp-json\/wp\/v2\/users\/3"}],"replies":[{"embeddable":true,"href":"https:\/\/www.ibbycat.cat\/es\/wp-json\/wp\/v2\/comments?post=17118"}],"version-history":[{"count":5,"href":"https:\/\/www.ibbycat.cat\/es\/wp-json\/wp\/v2\/posts\/17118\/revisions"}],"predecessor-version":[{"id":17130,"href":"https:\/\/www.ibbycat.cat\/es\/wp-json\/wp\/v2\/posts\/17118\/revisions\/17130"}],"wp:featuredmedia":[{"embeddable":true,"href":"https:\/\/www.ibbycat.cat\/es\/wp-json\/wp\/v2\/media\/17123"}],"wp:attachment":[{"href":"https:\/\/www.ibbycat.cat\/es\/wp-json\/wp\/v2\/media?parent=17118"}],"wp:term":[{"taxonomy":"category","embeddable":true,"href":"https:\/\/www.ibbycat.cat\/es\/wp-json\/wp\/v2\/categories?post=17118"},{"taxonomy":"post_tag","embeddable":true,"href":"https:\/\/www.ibbycat.cat\/es\/wp-json\/wp\/v2\/tags?post=17118"}],"curies":[{"name":"wp","href":"https:\/\/api.w.org\/{rel}","templated":true}]}}