{"id":17139,"date":"2023-09-08T18:30:50","date_gmt":"2023-09-08T16:30:50","guid":{"rendered":"https:\/\/www.ibbycat.cat\/?p=17139"},"modified":"2023-09-14T18:31:23","modified_gmt":"2023-09-14T16:31:23","slug":"sobre-la-inscripcio-al-programa-de-biblioteques-escolars","status":"publish","type":"post","link":"https:\/\/www.ibbycat.cat\/es\/sobre-la-inscripcio-al-programa-de-biblioteques-escolars\/","title":{"rendered":"S&#8217;obre la inscripci\u00f3 al Programa de biblioteques escolars"},"content":{"rendered":"<p>El <strong>Programa biblioteca escolar \u201cpuntedu\u201d<\/strong> del Departament d\u2019Educaci\u00f3 ofereix una formaci\u00f3 espec\u00edfica, adre\u00e7ada al <strong>professorat responsable de la biblioteca escolar<\/strong> i als docents que formen part de la comissi\u00f3 de biblioteca. Aquesta formaci\u00f3 abasta els diferents \u00e0mbits de treball de la biblioteca escolar: organitzaci\u00f3 i gesti\u00f3, dinamitzaci\u00f3, saber llegir, llegir per aprendre i gust per llegir.<\/p>\n<p>Aquestes activitats de formaci\u00f3 impliquen un <strong>treball col\u00b7legiat<\/strong> i la <strong>transfer\u00e8ncia al centre<\/strong>.<\/p>\n<p>Inscripcions fins al <strong>24 de setembre<\/strong>.<\/p>\n<p>M\u00e9s informaci\u00f3 <a href=\"https:\/\/xtec.gencat.cat\/ca\/formacio\/formaciogeneralprofessorat\/biblioteques_escolars\/\">aqu\u00ed<\/a>.<\/p>\n","protected":false},"excerpt":{"rendered":"<p>El Programa biblioteca escolar \u201cpuntedu\u201d del Departament d\u2019Educaci\u00f3 ofereix una formaci\u00f3 espec\u00edfica, adre\u00e7ada al professorat responsable de la biblioteca escolar i als docents que formen part de la comissi\u00f3 de biblioteca. Aquesta formaci\u00f3 abasta els diferents \u00e0mbits de treball de la biblioteca escolar: organitzaci\u00f3 i gesti\u00f3, dinamitzaci\u00f3, saber llegir, llegir per aprendre i gust per [&hellip;]<\/p>\n","protected":false},"author":3,"featured_media":17140,"comment_status":"open","ping_status":"open","sticky":false,"template":"","format":"standard","meta":{"_acf_changed":false,"rs_blank_template":"","rs_page_bg_color":"","slide_template_v7":"","inline_featured_image":false,"_monsterinsights_skip_tracking":false,"footnotes":""},"categories":[1],"tags":[],"class_list":["post-17139","post","type-post","status-publish","format-standard","has-post-thumbnail","hentry","category-uncategorized-ca","post-mon-lij-formacio-lij","post-destinatari-centres-educatius"],"acf":{"photo_gallery":{"galeria":[[]]}},"_links":{"self":[{"href":"https:\/\/www.ibbycat.cat\/es\/wp-json\/wp\/v2\/posts\/17139","targetHints":{"allow":["GET"]}}],"collection":[{"href":"https:\/\/www.ibbycat.cat\/es\/wp-json\/wp\/v2\/posts"}],"about":[{"href":"https:\/\/www.ibbycat.cat\/es\/wp-json\/wp\/v2\/types\/post"}],"author":[{"embeddable":true,"href":"https:\/\/www.ibbycat.cat\/es\/wp-json\/wp\/v2\/users\/3"}],"replies":[{"embeddable":true,"href":"https:\/\/www.ibbycat.cat\/es\/wp-json\/wp\/v2\/comments?post=17139"}],"version-history":[{"count":1,"href":"https:\/\/www.ibbycat.cat\/es\/wp-json\/wp\/v2\/posts\/17139\/revisions"}],"predecessor-version":[{"id":17143,"href":"https:\/\/www.ibbycat.cat\/es\/wp-json\/wp\/v2\/posts\/17139\/revisions\/17143"}],"wp:featuredmedia":[{"embeddable":true,"href":"https:\/\/www.ibbycat.cat\/es\/wp-json\/wp\/v2\/media\/17140"}],"wp:attachment":[{"href":"https:\/\/www.ibbycat.cat\/es\/wp-json\/wp\/v2\/media?parent=17139"}],"wp:term":[{"taxonomy":"category","embeddable":true,"href":"https:\/\/www.ibbycat.cat\/es\/wp-json\/wp\/v2\/categories?post=17139"},{"taxonomy":"post_tag","embeddable":true,"href":"https:\/\/www.ibbycat.cat\/es\/wp-json\/wp\/v2\/tags?post=17139"}],"curies":[{"name":"wp","href":"https:\/\/api.w.org\/{rel}","templated":true}]}}