{"id":17144,"date":"2023-09-12T18:46:10","date_gmt":"2023-09-12T16:46:10","guid":{"rendered":"https:\/\/www.ibbycat.cat\/?p=17144"},"modified":"2023-09-14T18:55:19","modified_gmt":"2023-09-14T16:55:19","slug":"la-fundacio-jordi-sierra-i-fabra-i-cruilla-convoquen-el-i-premi-dillustracio-antonia-cortijos","status":"publish","type":"post","link":"https:\/\/www.ibbycat.cat\/es\/la-fundacio-jordi-sierra-i-fabra-i-cruilla-convoquen-el-i-premi-dillustracio-antonia-cortijos\/","title":{"rendered":"La Fundaci\u00f3 Jordi Sierra i Fabra i Cru\u00eflla convoquen el I Premi d&#8217;Il\u00b7lustraci\u00f3 Ant\u00f2nia Cortijos"},"content":{"rendered":"<p>La <strong>Fundaci\u00f3 Jordi Sierra i Fabra<\/strong>, en col\u00b7laboraci\u00f3 amb l&#8217;editorial <strong>Cru\u00eflla<\/strong>, convoca el <strong>I Premi d&#8217;Il\u00b7lustraci\u00f3 Ant\u00f2nia Cortijos<\/strong>\u00a0per a infants, al qual poden optar <strong>joves dibuixants menors de 23 anys<\/strong>.<\/p>\n<p>Les obres, amb text en catal\u00e0, no poden superar els 5.000 car\u00e0cters, han de ser com a m\u00ednim de 32 p\u00e0gines, i es poden presentar <strong>fins al 31 de desembre del 2023<\/strong>.<\/p>\n<p>El premi t\u00e9 una dotaci\u00f3 de <strong>1.500 euros<\/strong>, a m\u00e9s de la <strong>publicaci\u00f3<\/strong> en suport \u00e0lbum.<\/p>\n<p>El I Premi d&#8217;il\u00b7lustraci\u00f3 Ant\u00f2nia Cortijos <strong>neix amb la voluntat de recordar l&#8217;escriptora i il\u00b7lustradora Ant\u00f2nia Cortijos<\/strong>, parella de l&#8217;escriptor Jordi Sierra i Fabra, i que va ser vicepresidenta de la Fundaci\u00f3 de l&#8217;autor. Ant\u00f2nia Cortijos (Barcelona, 1948 &#8211; 2022) va patir als 74 anys un accident mortal amb la moto que condu\u00efa el novembre del 2022. Els seus inicis en el camp de la il\u00b7lustraci\u00f3 \u2014havia cursat estudis a l&#8217;Escola Massana\u2014 la van derivar cap a l&#8217;escriptura liter\u00e0ria amb diverses publicacions per a joves i adults, a m\u00e9s de participar activament en la Fundaci\u00f3 Jordi Sierra i Fabra, que t\u00e9 la seu al barri de Sants de Barcelona.<\/p>\n<p>Ja podeu consultar les <strong>bases<\/strong> <a href=\"https:\/\/www.ibbycat.cat\/wp-content\/uploads\/basesantoniacortijos.pdf\">aqu\u00ed<\/a>.<\/p>\n","protected":false},"excerpt":{"rendered":"<p>La Fundaci\u00f3 Jordi Sierra i Fabra, en col\u00b7laboraci\u00f3 amb l&#8217;editorial Cru\u00eflla, convoca el I Premi d&#8217;Il\u00b7lustraci\u00f3 Ant\u00f2nia Cortijos\u00a0per a infants, al qual poden optar joves dibuixants menors de 23 anys. Les obres, amb text en catal\u00e0, no poden superar els 5.000 car\u00e0cters, han de ser com a m\u00ednim de 32 p\u00e0gines, i es poden presentar [&hellip;]<\/p>\n","protected":false},"author":3,"featured_media":17150,"comment_status":"open","ping_status":"open","sticky":false,"template":"","format":"standard","meta":{"_acf_changed":false,"rs_blank_template":"","rs_page_bg_color":"","slide_template_v7":"","inline_featured_image":false,"_monsterinsights_skip_tracking":false,"footnotes":""},"categories":[1],"tags":[],"class_list":["post-17144","post","type-post","status-publish","format-standard","has-post-thumbnail","hentry","category-uncategorized-ca","post-mon-lij-premis-lij","post-destinatari-creadors-lij"],"acf":{"photo_gallery":{"galeria":[[{"id":17152,"title":"Captura de pantalla 2023-09-14 a les 18.50.33","caption":"","full_image_url":"https:\/\/www.ibbycat.cat\/wp-content\/uploads\/Captura-de-pantalla-2023-09-14-a-les-18.50.33.png","thumbnail_image_url":"https:\/\/www.ibbycat.cat\/wp-content\/uploads\/Captura-de-pantalla-2023-09-14-a-les-18.50.33-150x150.png","large_srcset":"https:\/\/www.ibbycat.cat\/wp-content\/uploads\/Captura-de-pantalla-2023-09-14-a-les-18.50.33-900x487.png 900w, https:\/\/www.ibbycat.cat\/wp-content\/uploads\/Captura-de-pantalla-2023-09-14-a-les-18.50.33-768x416.png 768w, https:\/\/www.ibbycat.cat\/wp-content\/uploads\/Captura-de-pantalla-2023-09-14-a-les-18.50.33.png 1194w","medium_srcset":"https:\/\/www.ibbycat.cat\/wp-content\/uploads\/Captura-de-pantalla-2023-09-14-a-les-18.50.33.png 1194w, https:\/\/www.ibbycat.cat\/wp-content\/uploads\/Captura-de-pantalla-2023-09-14-a-les-18.50.33-900x487.png 900w, https:\/\/www.ibbycat.cat\/wp-content\/uploads\/Captura-de-pantalla-2023-09-14-a-les-18.50.33-768x416.png 768w","media_details":{"width":1194,"height":646,"sizes":{"large":{"file":"Captura-de-pantalla-2023-09-14-a-les-18.50.33-900x487.png","width":900,"height":487,"mime-type":"image\/png","filesize":121006,"source_url":"https:\/\/www.ibbycat.cat\/wp-content\/uploads\/Captura-de-pantalla-2023-09-14-a-les-18.50.33-900x487.png"},"thumbnail":{"file":"Captura-de-pantalla-2023-09-14-a-les-18.50.33-150x150.png","width":150,"height":150,"mime-type":"image\/png","filesize":16806,"source_url":"https:\/\/www.ibbycat.cat\/wp-content\/uploads\/Captura-de-pantalla-2023-09-14-a-les-18.50.33-150x150.png"},"medium_large":{"file":"Captura-de-pantalla-2023-09-14-a-les-18.50.33-768x416.png","width":768,"height":416,"mime-type":"image\/png","filesize":94008,"source_url":"https:\/\/www.ibbycat.cat\/wp-content\/uploads\/Captura-de-pantalla-2023-09-14-a-les-18.50.33-768x416.png"},"img_llista_16_9":{"file":"Captura-de-pantalla-2023-09-14-a-les-18.50.33-460x259.png","width":460,"height":259,"mime-type":"image\/png","filesize":42846,"source_url":"https:\/\/www.ibbycat.cat\/wp-content\/uploads\/Captura-de-pantalla-2023-09-14-a-les-18.50.33-460x259.png"},"img_llista_1_1":{"file":"Captura-de-pantalla-2023-09-14-a-les-18.50.33-460x460.png","width":460,"height":460,"mime-type":"image\/png","filesize":106954,"source_url":"https:\/\/www.ibbycat.cat\/wp-content\/uploads\/Captura-de-pantalla-2023-09-14-a-les-18.50.33-460x460.png"},"sow-carousel-default":{"file":"Captura-de-pantalla-2023-09-14-a-les-18.50.33-272x182.png","width":272,"height":182,"mime-type":"image\/png","filesize":23584,"source_url":"https:\/\/www.ibbycat.cat\/wp-content\/uploads\/Captura-de-pantalla-2023-09-14-a-les-18.50.33-272x182.png"}}},"alt_text":"","url":"","target":""}]]}},"_links":{"self":[{"href":"https:\/\/www.ibbycat.cat\/es\/wp-json\/wp\/v2\/posts\/17144","targetHints":{"allow":["GET"]}}],"collection":[{"href":"https:\/\/www.ibbycat.cat\/es\/wp-json\/wp\/v2\/posts"}],"about":[{"href":"https:\/\/www.ibbycat.cat\/es\/wp-json\/wp\/v2\/types\/post"}],"author":[{"embeddable":true,"href":"https:\/\/www.ibbycat.cat\/es\/wp-json\/wp\/v2\/users\/3"}],"replies":[{"embeddable":true,"href":"https:\/\/www.ibbycat.cat\/es\/wp-json\/wp\/v2\/comments?post=17144"}],"version-history":[{"count":5,"href":"https:\/\/www.ibbycat.cat\/es\/wp-json\/wp\/v2\/posts\/17144\/revisions"}],"predecessor-version":[{"id":17155,"href":"https:\/\/www.ibbycat.cat\/es\/wp-json\/wp\/v2\/posts\/17144\/revisions\/17155"}],"wp:featuredmedia":[{"embeddable":true,"href":"https:\/\/www.ibbycat.cat\/es\/wp-json\/wp\/v2\/media\/17150"}],"wp:attachment":[{"href":"https:\/\/www.ibbycat.cat\/es\/wp-json\/wp\/v2\/media?parent=17144"}],"wp:term":[{"taxonomy":"category","embeddable":true,"href":"https:\/\/www.ibbycat.cat\/es\/wp-json\/wp\/v2\/categories?post=17144"},{"taxonomy":"post_tag","embeddable":true,"href":"https:\/\/www.ibbycat.cat\/es\/wp-json\/wp\/v2\/tags?post=17144"}],"curies":[{"name":"wp","href":"https:\/\/api.w.org\/{rel}","templated":true}]}}