{"id":17526,"date":"2023-09-21T13:26:32","date_gmt":"2023-09-21T11:26:32","guid":{"rendered":"https:\/\/www.ibbycat.cat\/?p=17526"},"modified":"2023-09-21T13:26:32","modified_gmt":"2023-09-21T11:26:32","slug":"la-41a-setmana-del-llibre-en-catala-es-consolida-com-a-model-de-festival","status":"publish","type":"post","link":"https:\/\/www.ibbycat.cat\/es\/la-41a-setmana-del-llibre-en-catala-es-consolida-com-a-model-de-festival\/","title":{"rendered":"La 41a Setmana del Llibre en Catal\u00e0 es consolida com a model de festival"},"content":{"rendered":"<p>La Setmana del Llibre en Catal\u00e0, el gran espai de trobada entre lectors, editors, llibreters i autors, va tancar diumenge passat la seva 41a edici\u00f3 amb <strong>xifres r\u00e8cord d\u2019assist\u00e8ncia i de vendes<\/strong>.<\/p>\n<p>Entre el 8 i el 17 de setembre, m\u00e9s de <strong>60.000<\/strong> <strong>persones<\/strong> han visitat La Setmana atretes per l\u2019\u00e0mplia oferta de llibres en catal\u00e0 i les m\u00e9s de 300 d\u2019activitats programades per a tots els p\u00fablics, amb presentacions, debats literaris, concerts, tallers, itineraris literaris, recitals de poesia, signatures d\u2019autors, taules rodones i converses, entre altres. Aix\u00f2 suposa un <strong>increment del 15% d\u2019assistents<\/strong> en comparaci\u00f3 amb l\u2019edici\u00f3 anterior.<\/p>\n<p>Pel que fa a les <strong>vendes<\/strong>, a l\u2019espera de tancar xifres definitives, les vendes <strong>han crescut un 20% respecte<\/strong> a l\u2019edici\u00f3 2022.<\/p>\n<p><strong>La Setmana,<\/strong> doncs,<strong> es consolida com a model de festival<\/strong>, amb una <strong>pres\u00e8ncia de LIJ notable<\/strong>, tant pel que fa a parades, com a programaci\u00f3 familiar, com a activitats amb relaci\u00f3 a aquesta. Enguany ha estat especialment rellevant l&#8217;homenatge a Josep Vallverd\u00fa en l&#8217;any del seu centenari (amb slam poeticomusical incl\u00f2s), la taula rodona &#8216;Qu\u00e8 fem i qu\u00e8 podem fer les biblioteques per potenciar la comprensi\u00f3 lectora?&#8217;, l&#8217;entrega del Premi Carme Roman\u00ed o els nostres tallers de jurats literaris dirigits als infants.<\/p>\n<p>L\u2019organitzaci\u00f3 est\u00e0 treballant amb l\u2019Ajuntament de Barcelona per a celebrar, de manera excepcional, la <strong>42a edici\u00f3 al passeig Llu\u00eds Companys<\/strong>, <strong>del 20 al 29 de setembre de 2024<\/strong> degut a la celebraci\u00f3 de la 37a Copa Am\u00e8rica a Barcelona. La seva intenci\u00f3, per\u00f2, \u00e9s retornar m\u00e9s endavant al Moll de la Fusta.<\/p>\n","protected":false},"excerpt":{"rendered":"<p>La Setmana del Llibre en Catal\u00e0, el gran espai de trobada entre lectors, editors, llibreters i autors, va tancar diumenge passat la seva 41a edici\u00f3 amb xifres r\u00e8cord d\u2019assist\u00e8ncia i de vendes. Entre el 8 i el 17 de setembre, m\u00e9s de 60.000 persones han visitat La Setmana atretes per l\u2019\u00e0mplia oferta de llibres en [&hellip;]<\/p>\n","protected":false},"author":3,"featured_media":17437,"comment_status":"open","ping_status":"open","sticky":false,"template":"","format":"standard","meta":{"_acf_changed":false,"inline_featured_image":false,"_monsterinsights_skip_tracking":false,"footnotes":""},"categories":[1],"tags":[],"class_list":["post-17526","post","type-post","status-publish","format-standard","has-post-thumbnail","hentry","category-uncategorized-ca","post-mon-lij-fires-i-festivals-lij","post-destinatari-dinteres-general"],"acf":{"photo_gallery":{"galeria":[[]]}},"_links":{"self":[{"href":"https:\/\/www.ibbycat.cat\/es\/wp-json\/wp\/v2\/posts\/17526","targetHints":{"allow":["GET"]}}],"collection":[{"href":"https:\/\/www.ibbycat.cat\/es\/wp-json\/wp\/v2\/posts"}],"about":[{"href":"https:\/\/www.ibbycat.cat\/es\/wp-json\/wp\/v2\/types\/post"}],"author":[{"embeddable":true,"href":"https:\/\/www.ibbycat.cat\/es\/wp-json\/wp\/v2\/users\/3"}],"replies":[{"embeddable":true,"href":"https:\/\/www.ibbycat.cat\/es\/wp-json\/wp\/v2\/comments?post=17526"}],"version-history":[{"count":1,"href":"https:\/\/www.ibbycat.cat\/es\/wp-json\/wp\/v2\/posts\/17526\/revisions"}],"predecessor-version":[{"id":17527,"href":"https:\/\/www.ibbycat.cat\/es\/wp-json\/wp\/v2\/posts\/17526\/revisions\/17527"}],"wp:featuredmedia":[{"embeddable":true,"href":"https:\/\/www.ibbycat.cat\/es\/wp-json\/wp\/v2\/media\/17437"}],"wp:attachment":[{"href":"https:\/\/www.ibbycat.cat\/es\/wp-json\/wp\/v2\/media?parent=17526"}],"wp:term":[{"taxonomy":"category","embeddable":true,"href":"https:\/\/www.ibbycat.cat\/es\/wp-json\/wp\/v2\/categories?post=17526"},{"taxonomy":"post_tag","embeddable":true,"href":"https:\/\/www.ibbycat.cat\/es\/wp-json\/wp\/v2\/tags?post=17526"}],"curies":[{"name":"wp","href":"https:\/\/api.w.org\/{rel}","templated":true}]}}