{"id":18038,"date":"2023-10-19T16:25:48","date_gmt":"2023-10-19T14:25:48","guid":{"rendered":"https:\/\/www.ibbycat.cat\/?p=18038"},"modified":"2023-10-20T11:29:31","modified_gmt":"2023-10-20T09:29:31","slug":"el-programa-biblioteques-escolars-llenca-una-proposta-a-les-escoles-per-celebrar-el-dia-de-les-biblioteques","status":"publish","type":"post","link":"https:\/\/www.ibbycat.cat\/es\/el-programa-biblioteques-escolars-llenca-una-proposta-a-les-escoles-per-celebrar-el-dia-de-les-biblioteques\/","title":{"rendered":"El Programa de Biblioteques Escolars llan\u00e7a una proposta a les escoles per celebrar el Dia de les Biblioteques"},"content":{"rendered":"<p>Cada any se celebra el <strong>Dia de les Biblioteques<\/strong> a tot el territori. Enguany ser\u00e0 el pr\u00f2xim dia 24 d&#8217;octubre i des del <strong>Programa de Biblioteques Escolars<\/strong>, el Departament d&#8217;Educaci\u00f3 ha llan\u00e7at una proposta, amb dues l\u00ednies diferents, per celebrar-lo a les escoles.<\/p>\n<p>Podeu descarregar-la <a href=\"https:\/\/www.ibbycat.cat\/wp-content\/uploads\/Dia-de-les-biblioteques.pdf\" target=\"_blank\" rel=\"noopener\">aqu\u00ed<\/a>.<\/p>\n<p>Amb l&#8217;etiqueta #diadelesbiblioteques23 ens animen a compartir imatges de les propostes que les escoles realitzin a les aules.<\/p>\n<p>Feli\u00e7 <a href=\"https:\/\/www.ibbycat.cat\/esdeveniment\/dia-de-les-biblioteques-2023\/\" target=\"_blank\" rel=\"noopener\">Dia de les Biblioteques<\/a>!<\/p>\n<p>&nbsp;<\/p>\n","protected":false},"excerpt":{"rendered":"<p>Cada any se celebra el Dia de les Biblioteques a tot el territori. Enguany ser\u00e0 el pr\u00f2xim dia 24 d&#8217;octubre i des del Programa de Biblioteques Escolars, el Departament d&#8217;Educaci\u00f3 ha llan\u00e7at una proposta, amb dues l\u00ednies diferents, per celebrar-lo a les escoles. Podeu descarregar-la aqu\u00ed. Amb l&#8217;etiqueta #diadelesbiblioteques23 ens animen a compartir imatges de [&hellip;]<\/p>\n","protected":false},"author":3,"featured_media":18043,"comment_status":"open","ping_status":"open","sticky":false,"template":"","format":"standard","meta":{"_acf_changed":false,"rs_blank_template":"","rs_page_bg_color":"","slide_template_v7":"","inline_featured_image":false,"_monsterinsights_skip_tracking":false,"footnotes":""},"categories":[1],"tags":[],"class_list":["post-18038","post","type-post","status-publish","format-standard","has-post-thumbnail","hentry","category-uncategorized-ca","post-mon-lij-biblioteques-lij","post-mon-lij-iniciatives-lij","post-destinatari-centres-educatius"],"acf":{"photo_gallery":{"galeria":[[]]}},"_links":{"self":[{"href":"https:\/\/www.ibbycat.cat\/es\/wp-json\/wp\/v2\/posts\/18038","targetHints":{"allow":["GET"]}}],"collection":[{"href":"https:\/\/www.ibbycat.cat\/es\/wp-json\/wp\/v2\/posts"}],"about":[{"href":"https:\/\/www.ibbycat.cat\/es\/wp-json\/wp\/v2\/types\/post"}],"author":[{"embeddable":true,"href":"https:\/\/www.ibbycat.cat\/es\/wp-json\/wp\/v2\/users\/3"}],"replies":[{"embeddable":true,"href":"https:\/\/www.ibbycat.cat\/es\/wp-json\/wp\/v2\/comments?post=18038"}],"version-history":[{"count":5,"href":"https:\/\/www.ibbycat.cat\/es\/wp-json\/wp\/v2\/posts\/18038\/revisions"}],"predecessor-version":[{"id":18050,"href":"https:\/\/www.ibbycat.cat\/es\/wp-json\/wp\/v2\/posts\/18038\/revisions\/18050"}],"wp:featuredmedia":[{"embeddable":true,"href":"https:\/\/www.ibbycat.cat\/es\/wp-json\/wp\/v2\/media\/18043"}],"wp:attachment":[{"href":"https:\/\/www.ibbycat.cat\/es\/wp-json\/wp\/v2\/media?parent=18038"}],"wp:term":[{"taxonomy":"category","embeddable":true,"href":"https:\/\/www.ibbycat.cat\/es\/wp-json\/wp\/v2\/categories?post=18038"},{"taxonomy":"post_tag","embeddable":true,"href":"https:\/\/www.ibbycat.cat\/es\/wp-json\/wp\/v2\/tags?post=18038"}],"curies":[{"name":"wp","href":"https:\/\/api.w.org\/{rel}","templated":true}]}}