{"id":18236,"date":"2023-10-26T11:25:33","date_gmt":"2023-10-26T09:25:33","guid":{"rendered":"https:\/\/www.ibbycat.cat\/?p=18236"},"modified":"2023-10-30T11:46:03","modified_gmt":"2023-10-30T10:46:03","slug":"libby-avala-el-manifest-de-ljubljana-sobre-la-importancia-de-la-lectura-de-nivell-superior","status":"publish","type":"post","link":"https:\/\/www.ibbycat.cat\/es\/libby-avala-el-manifest-de-ljubljana-sobre-la-importancia-de-la-lectura-de-nivell-superior\/","title":{"rendered":"L&#8217;IBBY avala el Manifest de Ljubljana sobre la import\u00e0ncia de la lectura de nivell superior"},"content":{"rendered":"<p>L&#8217;IBBY ha anunciat el seu suport al <strong>Manifest de Ljubljana<\/strong> sobre la import\u00e0ncia de la <strong>lectura de nivell superior<\/strong>, que es va publicar el passat 10 d&#8217;octubre de 2023 per abordar el tema de la disminuci\u00f3 de les habilitats lectores com un dels <strong>reptes urgents a enfrontar-nos com a la societat<\/strong>.<\/p>\n<p>El Manifest de Ljubljana defensa que la lectura de nivell superior \u00e9s la nostra eina m\u00e9s poderosa per desenvolupar el <strong>pensament anal\u00edtic i cr\u00edtic<\/strong>. Exercita la metacognici\u00f3 i la paci\u00e8ncia cognitiva, amplia les nostres capacitats conceptuals, entrena l&#8217;empatia cognitiva i la presa de perspectiva, habilitats socials indispensables per als ciutadans informats en una societat democr\u00e0tica.<\/p>\n<p>Els signants d&#8217;aquest manifest fan una crida a recon\u00e8ixer la import\u00e0ncia permanent de la <strong>lectura de nivell superior en l&#8217;era digital<\/strong>.<\/p>\n<p>El Manifest de Ljubljana va ser escrit per quatre investigadors (<strong>Andr\u00e9 Sch\u00fcller-Zwierlein<\/strong>, Universitat de Regensburg, Alemanya; <strong>Anne Mangen<\/strong>, Universitat de Stavanger, Noruega; <strong>Adriaan van der Weel<\/strong>, Universitat de Leiden, Pa\u00efsos Baixos; i <strong>Miha Kova\u010d<\/strong>, Universitat de Ljubljana, Eslov\u00e8nia). El Manifest compta amb el suport de l&#8217;Acad\u00e8mia Alemanya de Llengua i Poesia, l&#8217;Associaci\u00f3 Internacional d&#8217;Editors (IPA), la Federaci\u00f3 d&#8217;Editors Europeus (FEP), el PEN International, l&#8217;International Board of Books for Young People (IBBY), el consorci de lectura europea. Organitzacions de promoci\u00f3 (EURead) i la Federaci\u00f3 Internacional d&#8217;Associacions de Biblioteques (IFLA). A Eslov\u00e8nia, compta amb el suport de l&#8217;Ag\u00e8ncia del Llibre Eslovena.<\/p>\n<p>A la <strong>Fira del Llibre de Frankfurt<\/strong>, celebrada del 18 al 22 d&#8217;octubre, que tenia Eslov\u00e8nia com a pa\u00eds convidat, es va dedicar un programa professional de dos dies al manifest, en el qual experts d&#8217;arreu del m\u00f3n van parlar de la crisi d&#8217;atenci\u00f3, l&#8217;escriptura i la IA, la innovaci\u00f3 en mercats amb petites rendibilitats, entre d&#8217;altres.<\/p>\n<p>Podeu adheriu-vos al <strong>Manifest<\/strong> <a href=\"https:\/\/readingmanifesto.org\/\" target=\"_blank\" rel=\"noopener\">aqu\u00ed<\/a>.<\/p>\n<p>&nbsp;<\/p>\n","protected":false},"excerpt":{"rendered":"<p>L&#8217;IBBY ha anunciat el seu suport al Manifest de Ljubljana sobre la import\u00e0ncia de la lectura de nivell superior, que es va publicar el passat 10 d&#8217;octubre de 2023 per abordar el tema de la disminuci\u00f3 de les habilitats lectores com un dels reptes urgents a enfrontar-nos com a la societat. El Manifest de Ljubljana [&hellip;]<\/p>\n","protected":false},"author":3,"featured_media":18241,"comment_status":"open","ping_status":"open","sticky":false,"template":"","format":"standard","meta":{"_acf_changed":false,"inline_featured_image":false,"_monsterinsights_skip_tracking":false,"footnotes":""},"categories":[1],"tags":[],"class_list":["post-18236","post","type-post","status-publish","format-standard","has-post-thumbnail","hentry","category-uncategorized-ca","post-projecte-ibby-oepli","post-mon-lij-promocio-lectura","post-destinatari-comunitat-lij","post-destinatari-dinteres-general"],"acf":{"photo_gallery":{"galeria":[[]]}},"_links":{"self":[{"href":"https:\/\/www.ibbycat.cat\/es\/wp-json\/wp\/v2\/posts\/18236","targetHints":{"allow":["GET"]}}],"collection":[{"href":"https:\/\/www.ibbycat.cat\/es\/wp-json\/wp\/v2\/posts"}],"about":[{"href":"https:\/\/www.ibbycat.cat\/es\/wp-json\/wp\/v2\/types\/post"}],"author":[{"embeddable":true,"href":"https:\/\/www.ibbycat.cat\/es\/wp-json\/wp\/v2\/users\/3"}],"replies":[{"embeddable":true,"href":"https:\/\/www.ibbycat.cat\/es\/wp-json\/wp\/v2\/comments?post=18236"}],"version-history":[{"count":3,"href":"https:\/\/www.ibbycat.cat\/es\/wp-json\/wp\/v2\/posts\/18236\/revisions"}],"predecessor-version":[{"id":18245,"href":"https:\/\/www.ibbycat.cat\/es\/wp-json\/wp\/v2\/posts\/18236\/revisions\/18245"}],"wp:featuredmedia":[{"embeddable":true,"href":"https:\/\/www.ibbycat.cat\/es\/wp-json\/wp\/v2\/media\/18241"}],"wp:attachment":[{"href":"https:\/\/www.ibbycat.cat\/es\/wp-json\/wp\/v2\/media?parent=18236"}],"wp:term":[{"taxonomy":"category","embeddable":true,"href":"https:\/\/www.ibbycat.cat\/es\/wp-json\/wp\/v2\/categories?post=18236"},{"taxonomy":"post_tag","embeddable":true,"href":"https:\/\/www.ibbycat.cat\/es\/wp-json\/wp\/v2\/tags?post=18236"}],"curies":[{"name":"wp","href":"https:\/\/api.w.org\/{rel}","templated":true}]}}