{"id":18394,"date":"2023-10-30T08:42:22","date_gmt":"2023-10-30T07:42:22","guid":{"rendered":"https:\/\/www.ibbycat.cat\/?p=18394"},"modified":"2023-11-10T08:49:13","modified_gmt":"2023-11-10T07:49:13","slug":"premis-samaruc-2023-de-literatura-infantil-i-juvenil-de-valencia","status":"publish","type":"post","link":"https:\/\/www.ibbycat.cat\/es\/premis-samaruc-2023-de-literatura-infantil-i-juvenil-de-valencia\/","title":{"rendered":"Premis Samaruc 2023 de Literatura Infantil i Juvenil de Val\u00e8ncia"},"content":{"rendered":"<p>L&#8217;<strong>Associaci\u00f3 de Bibliotecaris Valencians<\/strong> ha atorgat, en un acte celebrat a la ciutat de <strong>Val\u00e8ncia<\/strong> el <strong>27 d&#8217;octubre<\/strong>, els Premis Samaruc 2023 de Literatura Infantil i Juvenil.<\/p>\n<p>En\u00a0la seva <strong>31a edici\u00f3<\/strong>, el jurat, que ha estat format per\u00a0Bel\u00e9n Perell\u00f3 Baixauli, \u00c0ngels Aznar M\u00e1rquez i Marta Orts Devis com a bibliotec\u00e0ries, Vicent Flor i Moreno com a escriptor i\u00a0Eva Alepuz Prats\u00a0com a mestra,\u00a0ha valorat totes les obres infantils i juvenils d&#8217;autoria valenciana presentades als premis i ha decidit atorgar:<\/p>\n<p>El <strong>Premi Samaruc<\/strong> en la modalitat de <strong>literatura infantil<\/strong> a\u00a0<strong><em>Una Carta<\/em><\/strong>, d&#8217;<strong>Irene Verd\u00fa<\/strong>, publicat per Edicions Bromera.<br \/>\nEl <strong>Premi Samaruc<\/strong> en la modalitat de <strong>literatura juvenil<\/strong> a\u00a0<strong><em>El secret de l&#8217;eixample<\/em><\/strong>\u00a0de <strong>Mariano Casas<\/strong>, publicat per Edicions del Bullent.<\/p>\n<p>L&#8217;acte de lliurament s&#8217;ha emmarcat en la <strong>XI\u00a0Pla\u00e7a del Llibre de la ciutat de Val\u00e8ncia<\/strong>.<\/p>\n<p>Enhorabona als guardonats!<\/p>\n","protected":false},"excerpt":{"rendered":"<p>L&#8217;Associaci\u00f3 de Bibliotecaris Valencians ha atorgat, en un acte celebrat a la ciutat de Val\u00e8ncia el 27 d&#8217;octubre, els Premis Samaruc 2023 de Literatura Infantil i Juvenil. En\u00a0la seva 31a edici\u00f3, el jurat, que ha estat format per\u00a0Bel\u00e9n Perell\u00f3 Baixauli, \u00c0ngels Aznar M\u00e1rquez i Marta Orts Devis com a bibliotec\u00e0ries, Vicent Flor i Moreno com [&hellip;]<\/p>\n","protected":false},"author":3,"featured_media":18395,"comment_status":"open","ping_status":"open","sticky":false,"template":"","format":"standard","meta":{"_acf_changed":false,"rs_blank_template":"","rs_page_bg_color":"","slide_template_v7":"","inline_featured_image":false,"_monsterinsights_skip_tracking":false,"footnotes":""},"categories":[1],"tags":[],"class_list":["post-18394","post","type-post","status-publish","format-standard","has-post-thumbnail","hentry","category-uncategorized-ca","post-mon-lij-premis-lij","post-destinatari-comunitat-lij","post-destinatari-dinteres-general"],"acf":{"photo_gallery":{"galeria":[[]]}},"_links":{"self":[{"href":"https:\/\/www.ibbycat.cat\/es\/wp-json\/wp\/v2\/posts\/18394","targetHints":{"allow":["GET"]}}],"collection":[{"href":"https:\/\/www.ibbycat.cat\/es\/wp-json\/wp\/v2\/posts"}],"about":[{"href":"https:\/\/www.ibbycat.cat\/es\/wp-json\/wp\/v2\/types\/post"}],"author":[{"embeddable":true,"href":"https:\/\/www.ibbycat.cat\/es\/wp-json\/wp\/v2\/users\/3"}],"replies":[{"embeddable":true,"href":"https:\/\/www.ibbycat.cat\/es\/wp-json\/wp\/v2\/comments?post=18394"}],"version-history":[{"count":3,"href":"https:\/\/www.ibbycat.cat\/es\/wp-json\/wp\/v2\/posts\/18394\/revisions"}],"predecessor-version":[{"id":18400,"href":"https:\/\/www.ibbycat.cat\/es\/wp-json\/wp\/v2\/posts\/18394\/revisions\/18400"}],"wp:featuredmedia":[{"embeddable":true,"href":"https:\/\/www.ibbycat.cat\/es\/wp-json\/wp\/v2\/media\/18395"}],"wp:attachment":[{"href":"https:\/\/www.ibbycat.cat\/es\/wp-json\/wp\/v2\/media?parent=18394"}],"wp:term":[{"taxonomy":"category","embeddable":true,"href":"https:\/\/www.ibbycat.cat\/es\/wp-json\/wp\/v2\/categories?post=18394"},{"taxonomy":"post_tag","embeddable":true,"href":"https:\/\/www.ibbycat.cat\/es\/wp-json\/wp\/v2\/tags?post=18394"}],"curies":[{"name":"wp","href":"https:\/\/api.w.org\/{rel}","templated":true}]}}