{"id":18524,"date":"2023-11-16T14:42:23","date_gmt":"2023-11-16T13:42:23","guid":{"rendered":"https:\/\/www.ibbycat.cat\/?p=18524"},"modified":"2023-11-16T14:50:17","modified_gmt":"2023-11-16T13:50:17","slug":"nova-campanya-recomana-i-guanya-per-incentivar-les-inscripcions-als-premis","status":"publish","type":"post","link":"https:\/\/www.ibbycat.cat\/es\/nova-campanya-recomana-i-guanya-per-incentivar-les-inscripcions-als-premis\/","title":{"rendered":"Nova campanya &#8216;Recomana i guanya&#8217; per incentivar les inscripcions als Premis! Fins al 30\/11"},"content":{"rendered":"<p>A nom\u00e9s uns dies per tancar les inscripcions per participar en l&#8217;edici\u00f3 dels <strong>Premis 2024 (fins al 30\/11!)<\/strong>, ens fa molta il\u00b7lusi\u00f3 dir-vos que seguim sumant participants d&#8217;arreu del territori i que <strong>ja som 10.000<\/strong>!<\/p>\n<p><strong>Per\u00f2, encara volem ser m\u00e9s!<\/strong><\/p>\n<p>Perqu\u00e8, com diu el nou Pla Nacional del Llibre i la Lectura volem <strong>m\u00e9s lectors, m\u00e9s habituals i en catal\u00e0<\/strong>. Volem contribuir a combatre els baixos \u00edndexs de <strong>comprensi\u00f3 lectora<\/strong> i a estimular la <strong>compet\u00e8ncia liter\u00e0ria<\/strong>. Volem que la lectura esdevingui un <strong>plaer<\/strong> per als nostres infants i joves.<\/p>\n<p><strong>Ja us heu inscrit?<\/strong><\/p>\n<h4><span style=\"color: #ff0000;\"><strong>Recomana i guanya<\/strong><\/span><\/h4>\n<p>Si sou dels que fa temps que heu fet \u00abels deures\u00bb i ja esteu inscrits, i voleu ajudar-nos a batre un nou <strong>r\u00e8cord de participaci\u00f3<\/strong> en els Premis d&#8217;enguany, us convidem a la nostra <strong>cadena de recomanacions<\/strong>!<\/p>\n<p>Per aix\u00f2 hem posat en marxa la <strong>campanya &#8216;Recomana i guanya&#8217;<\/strong>, amb la qual totes aquelles inscripcions, individuals o grupals, que ens arribin per part de membres del jurat ja registrats, des d&#8217;avui fins al 30 de novembre, podran guanyar <strong>2 regals molt especials<\/strong>!<\/p>\n<p><strong>REGAL PER A MEMBRES DEL JURAT GRUPAL<\/strong><br \/>\nParticipaci\u00f3 en la Jornada professional de cr\u00edtica liter\u00e0ria de Faristol, que tindr\u00e0 lloc el pr\u00f2xim 24\/02\/2024 a Barcelona.<br \/>\n<strong>Sorteig<\/strong> de 5 places per a mediadors + <strong>sorteig<\/strong> de 3 lots de llibres.<\/p>\n<p><strong>REGAL PER A MEMBRES DEL JURAT INDIVIDUAL<\/strong><br \/>\nVisita als estudis de l&#8217;SX3 durant el 2024, a Sant Joan Desp\u00ed.<br \/>\n<strong>Sorteig<\/strong> de 15 places per a infants\/joves + <strong>sorteig<\/strong> de 3 lots de llibres.<\/p>\n<p>\ud83d\udce9 \u200bPer participar-hi, nom\u00e9s ens heu d&#8217;escriure un correu a <strong>comunicacio@ibbycat.cat<\/strong>, indicant-nos el <strong>nom del nou inscrit<\/strong> (centre educatiu, club de lectura, biblioteca, llibreria, fam\u00edlia&#8230;), perqu\u00e8 puguem comprovar-ho i validar la vostra participaci\u00f3 en el sorteig.<\/p>\n<p>\ud83d\udce2\u200b El sorteig es far\u00e0 p\u00fablic via <strong>butllet\u00ed<\/strong> i <strong>Twitter<\/strong> (@Ibbycat_Consell) el dimecres <strong>13 de desembre<\/strong>.<\/p>\n","protected":false},"excerpt":{"rendered":"<p>A nom\u00e9s uns dies per tancar les inscripcions per participar en l&#8217;edici\u00f3 dels Premis 2024 (fins al 30\/11!), ens fa molta il\u00b7lusi\u00f3 dir-vos que seguim sumant participants d&#8217;arreu del territori i que ja som 10.000! Per\u00f2, encara volem ser m\u00e9s! Perqu\u00e8, com diu el nou Pla Nacional del Llibre i la Lectura volem m\u00e9s lectors, [&hellip;]<\/p>\n","protected":false},"author":3,"featured_media":18528,"comment_status":"open","ping_status":"open","sticky":false,"template":"","format":"standard","meta":{"_acf_changed":false,"rs_blank_template":"","rs_page_bg_color":"","slide_template_v7":"","inline_featured_image":false,"_monsterinsights_skip_tracking":false,"footnotes":""},"categories":[1],"tags":[],"class_list":["post-18524","post","type-post","status-publish","format-standard","has-post-thumbnail","hentry","category-uncategorized-ca","post-projecte-atrapallibres-i-protagonista-jove","post-destinatari-biblioteques","post-destinatari-centres-educatius","post-destinatari-comunitat-lij","post-destinatari-entitats-culturals","post-destinatari-families","post-destinatari-llibreries"],"acf":{"photo_gallery":{"galeria":[[]]}},"_links":{"self":[{"href":"https:\/\/www.ibbycat.cat\/es\/wp-json\/wp\/v2\/posts\/18524","targetHints":{"allow":["GET"]}}],"collection":[{"href":"https:\/\/www.ibbycat.cat\/es\/wp-json\/wp\/v2\/posts"}],"about":[{"href":"https:\/\/www.ibbycat.cat\/es\/wp-json\/wp\/v2\/types\/post"}],"author":[{"embeddable":true,"href":"https:\/\/www.ibbycat.cat\/es\/wp-json\/wp\/v2\/users\/3"}],"replies":[{"embeddable":true,"href":"https:\/\/www.ibbycat.cat\/es\/wp-json\/wp\/v2\/comments?post=18524"}],"version-history":[{"count":3,"href":"https:\/\/www.ibbycat.cat\/es\/wp-json\/wp\/v2\/posts\/18524\/revisions"}],"predecessor-version":[{"id":18533,"href":"https:\/\/www.ibbycat.cat\/es\/wp-json\/wp\/v2\/posts\/18524\/revisions\/18533"}],"wp:featuredmedia":[{"embeddable":true,"href":"https:\/\/www.ibbycat.cat\/es\/wp-json\/wp\/v2\/media\/18528"}],"wp:attachment":[{"href":"https:\/\/www.ibbycat.cat\/es\/wp-json\/wp\/v2\/media?parent=18524"}],"wp:term":[{"taxonomy":"category","embeddable":true,"href":"https:\/\/www.ibbycat.cat\/es\/wp-json\/wp\/v2\/categories?post=18524"},{"taxonomy":"post_tag","embeddable":true,"href":"https:\/\/www.ibbycat.cat\/es\/wp-json\/wp\/v2\/tags?post=18524"}],"curies":[{"name":"wp","href":"https:\/\/api.w.org\/{rel}","templated":true}]}}