{"id":18637,"date":"2023-11-20T18:27:59","date_gmt":"2023-11-20T17:27:59","guid":{"rendered":"https:\/\/www.ibbycat.cat\/?p=18637"},"modified":"2024-01-02T11:37:11","modified_gmt":"2024-01-02T10:37:11","slug":"mor-concepcio-carreras-bibliotecaria-de-referencia-a-casa-nostra-i-membre-de-la-llista-dhonor-de-la-lij-catalana","status":"publish","type":"post","link":"https:\/\/www.ibbycat.cat\/es\/mor-concepcio-carreras-bibliotecaria-de-referencia-a-casa-nostra-i-membre-de-la-llista-dhonor-de-la-lij-catalana\/","title":{"rendered":"Mor Concepci\u00f3 Carreras, bibliotec\u00e0ria de refer\u00e8ncia a casa nostra i membre de la Llista d&#8217;Honor de la LIJ catalana"},"content":{"rendered":"<p>El passat dissabte <strong>18 de novembre<\/strong> ens va deixar la <strong>bibliotec\u00e0ria Concepci\u00f3 Carreras Fontser\u00e8<\/strong>, impulsora de la biblioteca municipal, precursora i militant de les biblioteques per a infants i del llibre infantil, i una de les 40 homenatjades que, tot just ara fa un any, inauguraven la Llista d&#8217;Honor de la Literatura Infantil i Juvenil Catalana.<\/p>\n<p>Tal com ens explicava Teresa Ma\u00f1\u00e0 en la seva fitxa biogr\u00e0fica, Carreras va destacar especialment per la seva <strong>aportaci\u00f3 a l\u2019estudi i la difusi\u00f3 del llibre infantil i de les biblioteques infantils<\/strong>. La seva obra m\u00e9s coneguda \u00e9s <em><a href=\"https:\/\/aladi.diba.cat\/search~S171*cat?\/aCarreras%2C+Concepci%7bu00F3%7d%2C+1927-2023\/acarreras+concepcio+++++1927+++++2023\/-3%2C-1%2C0%2CB\/frameset&amp;FF=acarreras+concepcio+++++1927+++++2023&amp;5%2C%2C9\" target=\"_blank\" rel=\"noopener\"><strong>Organitzaci\u00f3 d\u2019una biblioteca: escolar, popular o infantil<\/strong><\/a>, <\/em>escrit conjuntament amb les bibliotec\u00e0ries Concepci\u00f3 Mart\u00ednez, de la biblioteca de l\u2019Associaci\u00f3 de Mestres Rosa Sensat, i Teresa Rovira, de la biblioteca popular Sant Pau, un llibre que va servir d\u2019<strong>eina de treball per a \u00abaprenents de bibliotecari\u00bb<\/strong>. Amb una redacci\u00f3 pr\u00e0ctica i entenedora ha estat guia per a docents, oferint solucions viables i adaptades i, fins i tot, incorporava el tractament audiovisual.<\/p>\n<p>Carreras va estudiar a <strong>l\u2019Escola de Bibliotec\u00e0ries<\/strong>. El 1974 va ingressar a la <strong>Xarxa de Biblioteques Populars de la Diputaci\u00f3 de Barcelona<\/strong>. Es va estrenar a la <strong>Biblioteca infantil Folch i Torres<\/strong> del Parc de la Ciutadella i l\u2019any seg\u00fcent, li van assignar el c\u00e0rrec de <strong>responsable de la Biblioteca infantil de la Santa Creu<\/strong>. El 1986, va entrar a formar part de l\u2019equip directiu de la Xarxa, lloc que va ocupar fins a la seva jubilaci\u00f3.<\/p>\n<p>Entre d&#8217;altres, va impulsar el <strong>Grup de Recerca de Llibres Infantils<\/strong> (GRILLS), format per professionals de les biblioteques infantils o seccions infantils de centres generalistes.<\/p>\n<p>Podeu llegir el seu <strong>perfil biogr\u00e0fic<\/strong> dins la llista d&#8217;homenatjats de la LIJ <a href=\"https:\/\/www.ibbycat.cat\/wp-content\/uploads\/FITXES-CLIJ-1.pdf\" target=\"_blank\" rel=\"noopener\">aqu\u00ed<\/a>.<\/p>\n<p>Us enllacem tamb\u00e9 la <a href=\"https:\/\/www.diba.cat\/web\/biblioteques\/bibliosfera\/-\/newsletter\/45827296\/176\/402048813\/concepci%C3%B3-carreras-la-mirada-clara?utm_source=Bibliosfera&amp;utm_medium=correu&amp;utm_content=concepci%C3%B3-carreras-la-mirada-clara&amp;utm_campaign=176\"><strong>cr\u00f2nica biogr\u00e0fica<\/strong><\/a> escrita per N\u00faria Ventura al butllet\u00ed \u00abBibliosfera\u00bb de la Xaraxa de Biblioteques Municipals de la Diptaci\u00f3 de Barcelona, n\u00fam 176, publicat el desembre 2023.<\/p>\n<p>Podeu llegir els seus articles de Faristol a continuaci\u00f3:<br \/>\n<a href=\"https:\/\/www.ibbycat.cat\/wp-content\/uploads\/Els-nostres-autors-i-illustradors.-Merce-Llimona_-Merce-Company-Concepcio-Carreras.pdf\" target=\"_blank\" rel=\"noopener\">Els nostres autors i il\u00b7lustradors. Merce\u0300 Llimona<\/a><br \/>\n<a href=\"https:\/\/www.ibbycat.cat\/wp-content\/uploads\/Estudis.-Biblioteques-infantils_Concepcio-Carreras.pdf\" target=\"_blank\" rel=\"noopener\">Estudis. Biblioteques infantils<\/a><br \/>\n<a href=\"https:\/\/www.ibbycat.cat\/wp-content\/uploads\/Critica.-Handford-Martin.-On-es-Wally_Concepcio-Carreras.pdf\" target=\"_blank\" rel=\"noopener\">Cri\u0301tica. Handford, Martin. On e\u0301s Wally?<\/a><\/p>\n<p>Podeu llegir l&#8217;article que li han dedicat a <strong>El Punt Avui<\/strong> <a href=\"https:\/\/www.elpuntavui.cat\/cultura\/article\/19-cultura\/2357379-concepcio-carreras-defensora-de-la-biblioteca-i-lectura-infantil-des-de-les-xarxa-de-biblioteques-populars-durant-quasi-mig-segle.html\" target=\"_blank\" rel=\"noopener\">aqu\u00ed<\/a>.<\/p>\n","protected":false},"excerpt":{"rendered":"<p>El passat dissabte 18 de novembre ens va deixar la bibliotec\u00e0ria Concepci\u00f3 Carreras Fontser\u00e8, impulsora de la biblioteca municipal, precursora i militant de les biblioteques per a infants i del llibre infantil, i una de les 40 homenatjades que, tot just ara fa un any, inauguraven la Llista d&#8217;Honor de la Literatura Infantil i Juvenil [&hellip;]<\/p>\n","protected":false},"author":3,"featured_media":18640,"comment_status":"open","ping_status":"open","sticky":false,"template":"","format":"standard","meta":{"_acf_changed":false,"rs_blank_template":"","rs_page_bg_color":"","slide_template_v7":"","inline_featured_image":false,"_monsterinsights_skip_tracking":false,"footnotes":""},"categories":[1],"tags":[],"class_list":["post-18637","post","type-post","status-publish","format-standard","has-post-thumbnail","hentry","category-uncategorized-ca","post-projecte-ibbycat","post-mon-lij-efemerides-homenatges-lij","post-destinatari-comunitat-lij","post-destinatari-dinteres-general"],"acf":{"photo_gallery":{"galeria":[[]]}},"_links":{"self":[{"href":"https:\/\/www.ibbycat.cat\/es\/wp-json\/wp\/v2\/posts\/18637","targetHints":{"allow":["GET"]}}],"collection":[{"href":"https:\/\/www.ibbycat.cat\/es\/wp-json\/wp\/v2\/posts"}],"about":[{"href":"https:\/\/www.ibbycat.cat\/es\/wp-json\/wp\/v2\/types\/post"}],"author":[{"embeddable":true,"href":"https:\/\/www.ibbycat.cat\/es\/wp-json\/wp\/v2\/users\/3"}],"replies":[{"embeddable":true,"href":"https:\/\/www.ibbycat.cat\/es\/wp-json\/wp\/v2\/comments?post=18637"}],"version-history":[{"count":10,"href":"https:\/\/www.ibbycat.cat\/es\/wp-json\/wp\/v2\/posts\/18637\/revisions"}],"predecessor-version":[{"id":19357,"href":"https:\/\/www.ibbycat.cat\/es\/wp-json\/wp\/v2\/posts\/18637\/revisions\/19357"}],"wp:featuredmedia":[{"embeddable":true,"href":"https:\/\/www.ibbycat.cat\/es\/wp-json\/wp\/v2\/media\/18640"}],"wp:attachment":[{"href":"https:\/\/www.ibbycat.cat\/es\/wp-json\/wp\/v2\/media?parent=18637"}],"wp:term":[{"taxonomy":"category","embeddable":true,"href":"https:\/\/www.ibbycat.cat\/es\/wp-json\/wp\/v2\/categories?post=18637"},{"taxonomy":"post_tag","embeddable":true,"href":"https:\/\/www.ibbycat.cat\/es\/wp-json\/wp\/v2\/tags?post=18637"}],"curies":[{"name":"wp","href":"https:\/\/api.w.org\/{rel}","templated":true}]}}