{"id":21293,"date":"2024-01-16T12:21:27","date_gmt":"2024-01-16T11:21:27","guid":{"rendered":"https:\/\/www.ibbycat.cat\/?p=21293"},"modified":"2024-01-30T14:57:57","modified_gmt":"2024-01-30T13:57:57","slug":"diverses-veus-de-renom-del-mon-lij-de-tot-lestat-suneixen-per-crear-el-manifiesto-a-favor-de-la-educacion-literaria-que-necesitamos","status":"publish","type":"post","link":"https:\/\/www.ibbycat.cat\/es\/diverses-veus-de-renom-del-mon-lij-de-tot-lestat-suneixen-per-crear-el-manifiesto-a-favor-de-la-educacion-literaria-que-necesitamos\/","title":{"rendered":"Diverses veus de renom del m\u00f3n LIJ de tot l&#8217;estat s&#8217;uneixen per crear el &#8216;Manifiesto a favor de la Educaci\u00f3n Literaria que necesitamos&#8217;"},"content":{"rendered":"<p>Diverses <strong>veus\u00a0de renom del m\u00f3n LIJ<\/strong> de tot l&#8217;estat, entre els quals destaquen <strong>sis autors<\/strong> guardonats amb el <strong>Premio Nacional de Literatura Infantil y Juvenil<\/strong> -Antonio Rodr\u00edguez Almod\u00f3var, Gabriel Janer Manila, Joan Manuel Gibert, Fina Casalderrey, Fernando Lalana i Juan Kruz Igerabide-, <strong>dos Premios Lazarillo<\/strong> -Jos\u00e9 Antonio Ram\u00edrez Lozano i Paco Climent- i fins a <strong>285 persones <\/strong>entre docents, autors, bibliotecaris, lectors&#8230; s&#8217;han unit per crear el <a href=\"https:\/\/docs.google.com\/forms\/d\/e\/1FAIpQLSd0zxthecTShJNpGHBiNZGbZM42UwQ1m-aougGy_dX594FCTQ\/viewform\" target=\"_blank\" rel=\"noopener\">&#8216;Manifiesto a favor de la Educaci\u00f3n Literaria que necesitamos&#8217;<\/a>.<\/p>\n<p>L&#8217;objectiu: <strong>reivindicar i donar suport a una did\u00e0ctica comunicativa de la Llengua i la Literatura<\/strong>, molt q\u00fcestionada per persones i mitjans oposats al canvi que la LOMLOE ha fet ineludible. El <strong>detonant<\/strong> perqu\u00e8 el grup promotor de la iniciativa es pos\u00e9s en marxa va ser la presentaci\u00f3 de l&#8217;<a href=\"https:\/\/www.rae.es\/sites\/default\/files\/2023-12\/Real%20Academia%20Espa%C3%B1ola%20-%20Informe%20sobre%20la%20educaci%C3%B3n.pdf\" target=\"_blank\" rel=\"noopener\">informe de la Reial Acad\u00e8mia de la Llengua Espanyola<\/a>, el novembre de 2023, sobre l&#8217;educaci\u00f3 en aquest \u00e0mbit.<\/p>\n<p>Segons ells, es tracta d&#8217;un <strong>informe impropi<\/strong> -els Estatuts de la RAE no inclouen l&#8217;educaci\u00f3 com a una de les seves missions-, basat en \u00abapreciacions de car\u00e0cter ideol\u00f2gic i ignorant de qu\u00e8 significa educar en compet\u00e8ncies\u00bb. Un informe, afirmen, \u00abnociu per a l&#8217;exercici dels professors implicats en la innovaci\u00f3 metodol\u00f2gica de la doc\u00e8ncia i compromesos amb una actualitzaci\u00f3 pedag\u00f2gica\u00bb.<\/p>\n<p>Davant la <strong>tend\u00e8ncia a la regressi\u00f3<\/strong> que expressen aquest informe i altres discursos concomitants, el grup promotor va creure necessari <strong>crear aquest manifest a favor de l&#8217;educaci\u00f3 liter\u00e0ria<\/strong> des d&#8217;un punt de vista que: aprecia la llengua i la literatura orals; valora la imaginaci\u00f3 com una facultat del pensament; crida a l&#8217;aprenentatge per descobriment, promou la creativitat i el di\u00e0leg a les aules; apel\u00b7la a la inclusi\u00f3 i rebutja models educatius que reprodueixen la manca d&#8217;equitat.<\/p>\n<p>Des de l&#8217;IBBYcat, <strong>us fem arribar el manifest<\/strong> per si us interessa formar-ne part: <a href=\"https:\/\/docs.google.com\/forms\/d\/e\/1FAIpQLSd0zxthecTShJNpGHBiNZGbZM42UwQ1m-aougGy_dX594FCTQ\/viewform\" target=\"_blank\" rel=\"noopener\">&#8216;Manifiesto a favor de la Educaci\u00f3n Literaria que necesitamos&#8217;<\/a>.<\/p>\n","protected":false},"excerpt":{"rendered":"<p>Diverses veus\u00a0de renom del m\u00f3n LIJ de tot l&#8217;estat, entre els quals destaquen sis autors guardonats amb el Premio Nacional de Literatura Infantil y Juvenil -Antonio Rodr\u00edguez Almod\u00f3var, Gabriel Janer Manila, Joan Manuel Gibert, Fina Casalderrey, Fernando Lalana i Juan Kruz Igerabide-, dos Premios Lazarillo -Jos\u00e9 Antonio Ram\u00edrez Lozano i Paco Climent- i fins a [&hellip;]<\/p>\n","protected":false},"author":3,"featured_media":19203,"comment_status":"open","ping_status":"open","sticky":false,"template":"","format":"standard","meta":{"_acf_changed":false,"inline_featured_image":false,"_monsterinsights_skip_tracking":false,"footnotes":""},"categories":[1],"tags":[],"class_list":["post-21293","post","type-post","status-publish","format-standard","has-post-thumbnail","hentry","category-uncategorized-ca","post-mon-lij-iniciatives-lij","post-mon-lij-promocio-lectura","post-destinatari-comunitat-lij"],"acf":{"photo_gallery":{"galeria":[[]]}},"_links":{"self":[{"href":"https:\/\/www.ibbycat.cat\/es\/wp-json\/wp\/v2\/posts\/21293","targetHints":{"allow":["GET"]}}],"collection":[{"href":"https:\/\/www.ibbycat.cat\/es\/wp-json\/wp\/v2\/posts"}],"about":[{"href":"https:\/\/www.ibbycat.cat\/es\/wp-json\/wp\/v2\/types\/post"}],"author":[{"embeddable":true,"href":"https:\/\/www.ibbycat.cat\/es\/wp-json\/wp\/v2\/users\/3"}],"replies":[{"embeddable":true,"href":"https:\/\/www.ibbycat.cat\/es\/wp-json\/wp\/v2\/comments?post=21293"}],"version-history":[{"count":9,"href":"https:\/\/www.ibbycat.cat\/es\/wp-json\/wp\/v2\/posts\/21293\/revisions"}],"predecessor-version":[{"id":21394,"href":"https:\/\/www.ibbycat.cat\/es\/wp-json\/wp\/v2\/posts\/21293\/revisions\/21394"}],"wp:featuredmedia":[{"embeddable":true,"href":"https:\/\/www.ibbycat.cat\/es\/wp-json\/wp\/v2\/media\/19203"}],"wp:attachment":[{"href":"https:\/\/www.ibbycat.cat\/es\/wp-json\/wp\/v2\/media?parent=21293"}],"wp:term":[{"taxonomy":"category","embeddable":true,"href":"https:\/\/www.ibbycat.cat\/es\/wp-json\/wp\/v2\/categories?post=21293"},{"taxonomy":"post_tag","embeddable":true,"href":"https:\/\/www.ibbycat.cat\/es\/wp-json\/wp\/v2\/tags?post=21293"}],"curies":[{"name":"wp","href":"https:\/\/api.w.org\/{rel}","templated":true}]}}