{"id":21329,"date":"2024-01-22T08:11:03","date_gmt":"2024-01-22T07:11:03","guid":{"rendered":"https:\/\/www.ibbycat.cat\/?p=21329"},"modified":"2024-01-30T08:33:16","modified_gmt":"2024-01-30T07:33:16","slug":"fernando-perez-hernando-entre-la-llista-dautors-guanyadors-de-la-58a-exposicio-dillustradors-de-la-fira-del-llibre-de-bolonya","status":"publish","type":"post","link":"https:\/\/www.ibbycat.cat\/es\/fernando-perez-hernando-entre-la-llista-dautors-guanyadors-de-la-58a-exposicio-dillustradors-de-la-fira-del-llibre-de-bolonya\/","title":{"rendered":"Fernando P\u00e9rez Hernando, entre la llista d&#8217;autors guanyadors de la 58a Exposici\u00f3 d&#8217;Il\u00b7lustradors de la Fira del Llibre de Bolonya"},"content":{"rendered":"<p>D&#8217;entre els <strong>346 finalistes<\/strong> per exposar a la <strong>58a Exposici\u00f3 d\u2019Il\u00b7lustradors de la Fira del Llibre de Bolonya 2024<\/strong>, nom\u00e9s n&#8217;ha quedat <strong>1 d&#8217;espanyol<\/strong>.<\/p>\n<p>Es tracta de <strong>Fernando P\u00e9rez Hernando<\/strong>, il\u00b7lustrador, bibliotecari i dissenyador originari de Valladolid amb una desena de llibres publicats, la majoria d&#8217;ells en catal\u00e0. Podeu consultar la seva <strong>obra<\/strong> <a href=\"https:\/\/cataleg.atena.biblioteques.cat\/iii\/encore\/search\/C__SFernando%20P%C3%A9rez%20Hernando__Orightresult__U?lang=cat&amp;suite=def\" target=\"_blank\" rel=\"noopener\">aqu\u00ed<\/a>.<\/p>\n<p>Des dels seus inicis, enguany fa 61 anys, la <strong>Fira del Llibre Infantil de Bolonya<\/strong> est\u00e0 profundament compromesa amb la <strong>construcci\u00f3 de ponts d\u2019entesa entre pa\u00efsos i cultures<\/strong>, amb la promoci\u00f3 de la qualitat de la il\u00b7lustraci\u00f3 i la literatura infantil, i amb el foment i la creaci\u00f3 d\u2019espais per al di\u00e0leg i l\u2019intercanvi d\u2019experi\u00e8ncies.<\/p>\n<p>\u00c9s per aix\u00f2 que, una vegada m\u00e9s, confirma la seva voluntat d\u2019acollir la participaci\u00f3 individual d\u2019editors, escriptors i artistes independents d\u2019arreu del m\u00f3n que vulguin contribuir de manera creativa, pac\u00edfica i decidida a aquesta bonica la comunitat editorial, que <strong>vetlla perqu\u00e8 infants i llibres s\u2019agafin de la m\u00e0<\/strong>.<\/p>\n<p>La <strong>61a edici\u00f3<\/strong> de la Fira del Llibre de Bolonya tindr\u00e0 lloc <strong>del 8 a l\u201911 d\u2019abril<\/strong>.<\/p>\n<p>Ja podeu consultar la llista global de <strong>guanyadors<\/strong> 2024 <a href=\"https:\/\/www.bolognachildrensbookfair.com\/en\/focus-on\/illustrators\/the-illustrators-exhibition\/2024-winning-illustrators\/10631.html\" target=\"_blank\" rel=\"noopener\">aqu\u00ed<\/a>.<\/p>\n","protected":false},"excerpt":{"rendered":"<p>D&#8217;entre els 346 finalistes per exposar a la 58a Exposici\u00f3 d\u2019Il\u00b7lustradors de la Fira del Llibre de Bolonya 2024, nom\u00e9s n&#8217;ha quedat 1 d&#8217;espanyol. Es tracta de Fernando P\u00e9rez Hernando, il\u00b7lustrador, bibliotecari i dissenyador originari de Valladolid amb una desena de llibres publicats, la majoria d&#8217;ells en catal\u00e0. Podeu consultar la seva obra aqu\u00ed. Des [&hellip;]<\/p>\n","protected":false},"author":3,"featured_media":21330,"comment_status":"open","ping_status":"open","sticky":false,"template":"","format":"standard","meta":{"_acf_changed":false,"rs_blank_template":"","rs_page_bg_color":"","slide_template_v7":"","inline_featured_image":false,"_monsterinsights_skip_tracking":false,"footnotes":""},"categories":[1],"tags":[],"class_list":["post-21329","post","type-post","status-publish","format-standard","has-post-thumbnail","hentry","category-uncategorized-ca","post-mon-lij-autors-lij","post-mon-lij-fires-i-festivals-lij","post-destinatari-comunitat-lij"],"acf":{"photo_gallery":{"galeria":[[]]}},"_links":{"self":[{"href":"https:\/\/www.ibbycat.cat\/es\/wp-json\/wp\/v2\/posts\/21329","targetHints":{"allow":["GET"]}}],"collection":[{"href":"https:\/\/www.ibbycat.cat\/es\/wp-json\/wp\/v2\/posts"}],"about":[{"href":"https:\/\/www.ibbycat.cat\/es\/wp-json\/wp\/v2\/types\/post"}],"author":[{"embeddable":true,"href":"https:\/\/www.ibbycat.cat\/es\/wp-json\/wp\/v2\/users\/3"}],"replies":[{"embeddable":true,"href":"https:\/\/www.ibbycat.cat\/es\/wp-json\/wp\/v2\/comments?post=21329"}],"version-history":[{"count":1,"href":"https:\/\/www.ibbycat.cat\/es\/wp-json\/wp\/v2\/posts\/21329\/revisions"}],"predecessor-version":[{"id":21333,"href":"https:\/\/www.ibbycat.cat\/es\/wp-json\/wp\/v2\/posts\/21329\/revisions\/21333"}],"wp:featuredmedia":[{"embeddable":true,"href":"https:\/\/www.ibbycat.cat\/es\/wp-json\/wp\/v2\/media\/21330"}],"wp:attachment":[{"href":"https:\/\/www.ibbycat.cat\/es\/wp-json\/wp\/v2\/media?parent=21329"}],"wp:term":[{"taxonomy":"category","embeddable":true,"href":"https:\/\/www.ibbycat.cat\/es\/wp-json\/wp\/v2\/categories?post=21329"},{"taxonomy":"post_tag","embeddable":true,"href":"https:\/\/www.ibbycat.cat\/es\/wp-json\/wp\/v2\/tags?post=21329"}],"curies":[{"name":"wp","href":"https:\/\/api.w.org\/{rel}","templated":true}]}}