{"id":21459,"date":"2024-02-08T19:29:04","date_gmt":"2024-02-08T18:29:04","guid":{"rendered":"https:\/\/www.ibbycat.cat\/?p=21459"},"modified":"2024-02-15T19:39:09","modified_gmt":"2024-02-15T18:39:09","slug":"i-concurs-internacional-dalbum-illustrat-lecturita","status":"publish","type":"post","link":"https:\/\/www.ibbycat.cat\/es\/i-concurs-internacional-dalbum-illustrat-lecturita\/","title":{"rendered":"I Concurs Internacional d&#8217;\u00c0lbum Il\u00b7lustrat Lecturita"},"content":{"rendered":"<p>Atenci\u00f3, creadors d&#8217;\u00e0lbums il\u00b7lustrats! Teniu un <strong>nou concurs a la vista<\/strong>!<\/p>\n<p>L&#8217;<strong>editorial argentina Lecturita<\/strong> acaba de llan\u00e7ar la convocat\u00f2ria del <strong>I Concurs Internacional d&#8217;\u00c0lbum Il\u00b7lustrat<\/strong>. Des de l&#8217;Argentina, una finestra oberta al m\u00f3n per destacar la import\u00e0ncia del llibre \u00e0lbum dins l&#8217;univers de la literatura infantil.<\/p>\n<p>Hi poden participar escriptors i il\u00b7lustradors m\u00e9s grans de 18 anys, de qualsevol nacionalitat. Tant el tema com la t\u00e8cnica d&#8217;il\u00b7lustraci\u00f3 s\u00f3n lliures. El <strong>premi<\/strong> consistir\u00e0 en <strong>4.000 $<\/strong> i la <strong>publicaci\u00f3<\/strong> del llibre guanyador.<\/p>\n<p>El <strong>jurat<\/strong> estar\u00e0 integrat per Ana Sender, Fran Pintadera i Merc\u00e8 Gali (Espanya), Andr\u00e9s L\u00f3pez (M\u00e8xic), Nicol\u00e1s Schuff i Yael Frankel (Argentina), Roger Ycaza (Equador), Dipacho i Jairo Buitrago (Col\u00f2mbia), Micaela Chirif (Per\u00fa), Lawrence Schimel (Estats Units) i Alejandra Acosta (Xile).<\/p>\n<p>Podeu trobar tota la <strong>informaci\u00f3<\/strong> <a href=\"https:\/\/www.lecturitaediciones.com\/ar\/es\/concurso\/\" target=\"_blank\" rel=\"noopener\">aqu\u00ed<\/a>.<\/p>\n","protected":false},"excerpt":{"rendered":"<p>Atenci\u00f3, creadors d&#8217;\u00e0lbums il\u00b7lustrats! Teniu un nou concurs a la vista! L&#8217;editorial argentina Lecturita acaba de llan\u00e7ar la convocat\u00f2ria del I Concurs Internacional d&#8217;\u00c0lbum Il\u00b7lustrat. Des de l&#8217;Argentina, una finestra oberta al m\u00f3n per destacar la import\u00e0ncia del llibre \u00e0lbum dins l&#8217;univers de la literatura infantil. Hi poden participar escriptors i il\u00b7lustradors m\u00e9s grans de [&hellip;]<\/p>\n","protected":false},"author":3,"featured_media":21460,"comment_status":"open","ping_status":"open","sticky":false,"template":"","format":"standard","meta":{"_acf_changed":false,"rs_blank_template":"","rs_page_bg_color":"","slide_template_v7":"","inline_featured_image":false,"_monsterinsights_skip_tracking":false,"footnotes":""},"categories":[1],"tags":[],"class_list":["post-21459","post","type-post","status-publish","format-standard","has-post-thumbnail","hentry","category-uncategorized-ca","post-mon-lij-premis-lij","post-destinatari-creadors-lij"],"acf":{"photo_gallery":{"galeria":[[]]}},"_links":{"self":[{"href":"https:\/\/www.ibbycat.cat\/es\/wp-json\/wp\/v2\/posts\/21459","targetHints":{"allow":["GET"]}}],"collection":[{"href":"https:\/\/www.ibbycat.cat\/es\/wp-json\/wp\/v2\/posts"}],"about":[{"href":"https:\/\/www.ibbycat.cat\/es\/wp-json\/wp\/v2\/types\/post"}],"author":[{"embeddable":true,"href":"https:\/\/www.ibbycat.cat\/es\/wp-json\/wp\/v2\/users\/3"}],"replies":[{"embeddable":true,"href":"https:\/\/www.ibbycat.cat\/es\/wp-json\/wp\/v2\/comments?post=21459"}],"version-history":[{"count":1,"href":"https:\/\/www.ibbycat.cat\/es\/wp-json\/wp\/v2\/posts\/21459\/revisions"}],"predecessor-version":[{"id":21463,"href":"https:\/\/www.ibbycat.cat\/es\/wp-json\/wp\/v2\/posts\/21459\/revisions\/21463"}],"wp:featuredmedia":[{"embeddable":true,"href":"https:\/\/www.ibbycat.cat\/es\/wp-json\/wp\/v2\/media\/21460"}],"wp:attachment":[{"href":"https:\/\/www.ibbycat.cat\/es\/wp-json\/wp\/v2\/media?parent=21459"}],"wp:term":[{"taxonomy":"category","embeddable":true,"href":"https:\/\/www.ibbycat.cat\/es\/wp-json\/wp\/v2\/categories?post=21459"},{"taxonomy":"post_tag","embeddable":true,"href":"https:\/\/www.ibbycat.cat\/es\/wp-json\/wp\/v2\/tags?post=21459"}],"curies":[{"name":"wp","href":"https:\/\/api.w.org\/{rel}","templated":true}]}}