{"id":21464,"date":"2024-02-09T19:41:02","date_gmt":"2024-02-09T18:41:02","guid":{"rendered":"https:\/\/www.ibbycat.cat\/?p=21464"},"modified":"2025-11-11T17:34:09","modified_gmt":"2025-11-11T16:34:09","slug":"la-futura-casa-de-les-lletres-nova-seu-de-libbycat-a-partir-de-2027","status":"publish","type":"post","link":"https:\/\/www.ibbycat.cat\/es\/la-futura-casa-de-les-lletres-nova-seu-de-libbycat-a-partir-de-2027\/","title":{"rendered":"La futura Casa de les Lletres, nova seu de l&#8217;IBBYcat a partir de 2027"},"content":{"rendered":"<ul>\n<li><strong>La consellera Garriga va presentar, el passat dijous 8 de febrer en roda de premsa, aquest espai, que esdevindr\u00e0 pal de paller de la creaci\u00f3 liter\u00e0ria del pa\u00eds i epicentre d\u2019activitat per al m\u00f3n del llibre i la literatura<\/strong><\/li>\n<li><strong>Acollir\u00e0 la Instituci\u00f3 de les Lletres Catalanes, la Reial Acad\u00e8mia de Bones Lletres, i cinc entitats dedicades a la creaci\u00f3 i a la promoci\u00f3 liter\u00e0ria, entre les quals es troba l&#8217;IBBYcat &#8211; Consell Catal\u00e0 del Llibre Infantil i Juvenil<\/strong><\/li>\n<li><strong>Les altres entitats que habitaran la Casa s\u00f3n l&#8217;AELC, l&#8217;ACEC, el PEN Catal\u00e0 i Espais Escrits<\/strong><\/li>\n<\/ul>\n<p>La consellera de Cultura, <strong>Nat\u00e0lia Garriga<\/strong>, va presentar el passat dijous 8 de febrer el <strong>projecte de la futura Casa de les Lletres<\/strong>, que s\u2019ubicar\u00e0 al <strong>Palau Requesens<\/strong> de Barcelona i que acollir\u00e0 diverses entitats culturals vinculades a la <strong>creaci\u00f3<\/strong> i a la <strong>promoci\u00f3 liter\u00e0ria<\/strong>. Tamb\u00e9 van participar en la presentaci\u00f3 del <strong>projecte<\/strong> el president de la Reial Acad\u00e8mia de Bones Lletres, <strong>Borja de Riquer<\/strong>, i el director de l\u2019AELC, <strong>Sebasti\u00e0 Portell<\/strong>, representant dels creadors al Grup impulsor i de seguiment del Pla nacional del llibre i la lectura (PNLL) i de les entitats que es traslladaran a aquest espai.<\/p>\n<p>La Casa de les Lletres \u00e9s un projecte fortament demandat pel sector i una de les propostes del Pla nacional del llibre i la lectura, que es va presentar l\u2019any passat. L\u2019espai ser\u00e0 un <strong>pol d\u2019activitat per al m\u00f3n del llibre i la literatura<\/strong>. S\u2019erigir\u00e0 com a centre de la creaci\u00f3 liter\u00e0ria del pa\u00eds: <em>\u201cLa creaci\u00f3 de la Casa de les Lletres ens permet tenir un espai f\u00edsic de refer\u00e8ncia per a la creaci\u00f3 i la promoci\u00f3 de les lletres catalanes, i tamb\u00e9 solucionar un deute hist\u00f2ric amb les entitats en q\u00fcesti\u00f3, que fa temps que demanen un espai propi\u201d, va explicar la consellera. <\/em><\/p>\n<p>Tamb\u00e9 va recordar que aquest edifici se situar\u00e0 <strong>molt a prop de la nova Biblioteca de Barcelona<\/strong>, que s\u2019est\u00e0 construint a l\u2019Estaci\u00f3 de Fran\u00e7a: <em>\u201cD\u2019aqu\u00ed a uns anys, mirarem enrere i veurem que gr\u00e0cies a les decisions d\u2019aquesta legislatura, el centre de la nostra capital acabar\u00e0 tenint dos espais literaris que es retroalimenten, i on la cultura n\u2019\u00e9s la m\u00e0xima protagonista.\u201d<\/em><\/p>\n<p>A part dels espais de treball per a la Instituci\u00f3 de les Lletres Catalanes, la Reial Acad\u00e8mia de Bones Lletres i les entitats de creaci\u00f3 i promoci\u00f3 de la literatura, el pla funcional preveu que l\u2019equipament disposi d\u2019<strong>espais comuns<\/strong>, com ara una sala polivalent, cafeteria, terrasses, aix\u00ed com el pati g\u00f2tic del Palau Requesens, als quals podr\u00e0 tenir acc\u00e9s la ciutadania i que <strong>tot el sector del llibre i la literatura<\/strong> podr\u00e0 reservar gratu\u00eftament per a fer activitats. D\u2019aquesta manera es vol aconseguir que l\u2019espai sigui un agent dinamitzador i multiplicador per al sector del llibre.<\/p>\n<p><strong>Sens dubte, aquesta \u00e9s una gran not\u00edcia per a la nostra LIJ!<\/strong><\/p>\n","protected":false},"excerpt":{"rendered":"<p>La consellera Garriga va presentar, el passat dijous 8 de febrer en roda de premsa, aquest espai, que esdevindr\u00e0 pal de paller de la creaci\u00f3 liter\u00e0ria del pa\u00eds i epicentre d\u2019activitat per al m\u00f3n del llibre i la literatura Acollir\u00e0 la Instituci\u00f3 de les Lletres Catalanes, la Reial Acad\u00e8mia de Bones Lletres, i cinc entitats [&hellip;]<\/p>\n","protected":false},"author":3,"featured_media":21465,"comment_status":"open","ping_status":"open","sticky":false,"template":"","format":"standard","meta":{"_acf_changed":false,"inline_featured_image":false,"_monsterinsights_skip_tracking":false,"footnotes":""},"categories":[1],"tags":[],"class_list":["post-21464","post","type-post","status-publish","format-standard","has-post-thumbnail","hentry","category-uncategorized-ca","post-projecte-ibbycat","post-mon-lij-sector","post-destinatari-dinteres-general"],"acf":{"photo_gallery":{"galeria":[[]]}},"_links":{"self":[{"href":"https:\/\/www.ibbycat.cat\/es\/wp-json\/wp\/v2\/posts\/21464","targetHints":{"allow":["GET"]}}],"collection":[{"href":"https:\/\/www.ibbycat.cat\/es\/wp-json\/wp\/v2\/posts"}],"about":[{"href":"https:\/\/www.ibbycat.cat\/es\/wp-json\/wp\/v2\/types\/post"}],"author":[{"embeddable":true,"href":"https:\/\/www.ibbycat.cat\/es\/wp-json\/wp\/v2\/users\/3"}],"replies":[{"embeddable":true,"href":"https:\/\/www.ibbycat.cat\/es\/wp-json\/wp\/v2\/comments?post=21464"}],"version-history":[{"count":3,"href":"https:\/\/www.ibbycat.cat\/es\/wp-json\/wp\/v2\/posts\/21464\/revisions"}],"predecessor-version":[{"id":93222,"href":"https:\/\/www.ibbycat.cat\/es\/wp-json\/wp\/v2\/posts\/21464\/revisions\/93222"}],"wp:featuredmedia":[{"embeddable":true,"href":"https:\/\/www.ibbycat.cat\/es\/wp-json\/wp\/v2\/media\/21465"}],"wp:attachment":[{"href":"https:\/\/www.ibbycat.cat\/es\/wp-json\/wp\/v2\/media?parent=21464"}],"wp:term":[{"taxonomy":"category","embeddable":true,"href":"https:\/\/www.ibbycat.cat\/es\/wp-json\/wp\/v2\/categories?post=21464"},{"taxonomy":"post_tag","embeddable":true,"href":"https:\/\/www.ibbycat.cat\/es\/wp-json\/wp\/v2\/tags?post=21464"}],"curies":[{"name":"wp","href":"https:\/\/api.w.org\/{rel}","templated":true}]}}