{"id":21569,"date":"2024-02-21T16:19:11","date_gmt":"2024-02-21T15:19:11","guid":{"rendered":"https:\/\/www.ibbycat.cat\/?p=21569"},"modified":"2024-03-23T01:30:06","modified_gmt":"2024-03-23T00:30:06","slug":"sobre-la-crida-per-projectes-els-nostres-classics-en-veu-alta","status":"publish","type":"post","link":"https:\/\/www.ibbycat.cat\/es\/sobre-la-crida-per-projectes-els-nostres-classics-en-veu-alta\/","title":{"rendered":"S&#8217;obre la crida per projectes &#8216;Els nostres cl\u00e0ssics en veu alta&#8217;, dirigida a centres educatius"},"content":{"rendered":"<p><strong>&#8216;Els nostres cl\u00e0ssics en veu alta&#8217;<\/strong> \u00e9s una modalitat de Lletres a les Aules que ofereix als <strong>centres educatius<\/strong> la possibilitat de treballar <strong>autors patrimonials<\/strong> de manera l\u00fadica i participativa a trav\u00e9s de l\u2019<strong>oralitat<\/strong> per tal de fomentar el gust per la lectura i l\u2019h\u00e0bit lector.<\/p>\n<p>S\u2019ent\u00e9n per autors patrimonials aquells <strong>autors del passat que representen un llegat cultural<\/strong>, conformen la mem\u00f2ria col\u00b7lectiva i la tradici\u00f3 liter\u00e0ria catalana i esdevenen cabdals per a generacions liter\u00e0ries posteriors.<\/p>\n<p>S\u2019ofereix, per al <strong>curs 2024-25<\/strong>, a l&#8217;alumnat de <strong>infantil<\/strong>, <strong>prim\u00e0ria<\/strong> i <strong>secund\u00e0ria<\/strong>.<\/p>\n<p>Els centres educatius poden presentar els seus projectes <strong>fins al 15 d&#8217;abril<\/strong>.<\/p>\n<p>Una comissi\u00f3 formada pel <strong>Departament d\u2019Educaci\u00f3<\/strong>, la <strong>ILC<\/strong> i l&#8217;<strong>IBBYcat<\/strong> avaluar\u00e0 els <strong>projectes presentats<\/strong> i, aquells que compleixin els requisits, s\u2019afegiran al <strong>cat\u00e0leg d\u2019activitats<\/strong> que s\u2019oferir\u00e0 als centres educatius a trav\u00e9s de la modalitat \u201cEls nostres cl\u00e0ssics en veu alta\u201d.<\/p>\n<p>Podeu ampliar la <strong>informaci\u00f3<\/strong> <a href=\"https:\/\/cultura.gencat.cat\/ca\/detall\/Articles\/Forma-part-dels-nostres-classics-en-veu-alta\" target=\"_blank\" rel=\"noopener\">aqu\u00ed<\/a>.<\/p>\n","protected":false},"excerpt":{"rendered":"<p>&#8216;Els nostres cl\u00e0ssics en veu alta&#8217; \u00e9s una modalitat de Lletres a les Aules que ofereix als centres educatius la possibilitat de treballar autors patrimonials de manera l\u00fadica i participativa a trav\u00e9s de l\u2019oralitat per tal de fomentar el gust per la lectura i l\u2019h\u00e0bit lector. S\u2019ent\u00e9n per autors patrimonials aquells autors del passat que [&hellip;]<\/p>\n","protected":false},"author":3,"featured_media":21570,"comment_status":"open","ping_status":"open","sticky":false,"template":"","format":"standard","meta":{"_acf_changed":false,"rs_blank_template":"","rs_page_bg_color":"","slide_template_v7":"","inline_featured_image":false,"_monsterinsights_skip_tracking":false,"footnotes":""},"categories":[1],"tags":[],"class_list":["post-21569","post","type-post","status-publish","format-standard","has-post-thumbnail","hentry","category-uncategorized-ca","post-mon-lij-autors-lij","post-mon-lij-promocio-lectura","post-destinatari-creadors-lij","post-destinatari-entitats-culturals"],"acf":{"photo_gallery":{"galeria":[[]]}},"_links":{"self":[{"href":"https:\/\/www.ibbycat.cat\/es\/wp-json\/wp\/v2\/posts\/21569","targetHints":{"allow":["GET"]}}],"collection":[{"href":"https:\/\/www.ibbycat.cat\/es\/wp-json\/wp\/v2\/posts"}],"about":[{"href":"https:\/\/www.ibbycat.cat\/es\/wp-json\/wp\/v2\/types\/post"}],"author":[{"embeddable":true,"href":"https:\/\/www.ibbycat.cat\/es\/wp-json\/wp\/v2\/users\/3"}],"replies":[{"embeddable":true,"href":"https:\/\/www.ibbycat.cat\/es\/wp-json\/wp\/v2\/comments?post=21569"}],"version-history":[{"count":2,"href":"https:\/\/www.ibbycat.cat\/es\/wp-json\/wp\/v2\/posts\/21569\/revisions"}],"predecessor-version":[{"id":21586,"href":"https:\/\/www.ibbycat.cat\/es\/wp-json\/wp\/v2\/posts\/21569\/revisions\/21586"}],"wp:featuredmedia":[{"embeddable":true,"href":"https:\/\/www.ibbycat.cat\/es\/wp-json\/wp\/v2\/media\/21570"}],"wp:attachment":[{"href":"https:\/\/www.ibbycat.cat\/es\/wp-json\/wp\/v2\/media?parent=21569"}],"wp:term":[{"taxonomy":"category","embeddable":true,"href":"https:\/\/www.ibbycat.cat\/es\/wp-json\/wp\/v2\/categories?post=21569"},{"taxonomy":"post_tag","embeddable":true,"href":"https:\/\/www.ibbycat.cat\/es\/wp-json\/wp\/v2\/tags?post=21569"}],"curies":[{"name":"wp","href":"https:\/\/api.w.org\/{rel}","templated":true}]}}