{"id":21952,"date":"2024-03-13T10:42:03","date_gmt":"2024-03-13T09:42:03","guid":{"rendered":"https:\/\/www.ibbycat.cat\/?p=21952"},"modified":"2024-03-22T11:29:14","modified_gmt":"2024-03-22T10:29:14","slug":"celebrada-la-xx-jornada-faristol-amb-assistencia-record","status":"publish","type":"post","link":"https:\/\/www.ibbycat.cat\/es\/celebrada-la-xx-jornada-faristol-amb-assistencia-record\/","title":{"rendered":"Celebrada la XX Jornada Faristol, amb assist\u00e8ncia r\u00e8cord"},"content":{"rendered":"<p>Amb l&#8217;<strong>auditori de la Biblioteca Montserrat Abell\u00f3 ple a vessar<\/strong> de bibliotecaris\/es, mediadors\/es, llibreters\/es, editors\/es&#8230; la Jornada Faristol 2024, celebrada el passat dissabte 24 de febrer, ens va deixar grans reflexions al voltant de la LIJ a partir de la<strong> mirada dels joves i dels il\u00b7lustradors<\/strong>.<\/p>\n<p>El tema de l&#8217;edici\u00f3 d&#8217;enguany (la vintena!) era <strong>PENSAR LA LIJ: la mirada dels joves i dels il\u00b7lustradors<\/strong>. D&#8217;una banda, vam escoltar la veu dels joves en una taula rodona moderada per l&#8217;especialista en literatura juvenil, J\u00falia Baena. I, de l&#8217;altra, els artistes Pep Montserrat i Jordi Vila Delcl\u00f2s van parlar-nos sobre les difer\u00e8ncies i similituds d\u2019il\u00b7lustrar per a infants o il\u00b7lustrar per a adults.<\/p>\n<p><strong>Us deixem amb algunes de les reflexions m\u00e9s rellevants de la jornada:<\/strong><\/p>\n<p>Vam escoltar els <strong>joves<\/strong> per descobrir qu\u00e8 llegeixen, com trien, on s&#8217;informen sobre llibres, per a qu\u00e8 llegeixen&#8230;<\/p>\n<p>\u00abEls llibres t\u2019ofereixen una altra realitat que no \u00e9s la teva\u00bb<br \/>\n\u00abEt permeten con\u00e8ixer altres persones\u00bb<br \/>\n\u00abViure noves experi\u00e8ncies\u00bb<br \/>\n\u00abJo no suporto les lectures d&#8217;adolescents que els passen coses per despr\u00e9s parlar d&#8217;un tema a tutoria, com per exemple el bullying\u00bb<br \/>\n\u201cPer qu\u00e8 es fan novel\u00b7les juvenils sobre com haur\u00edem de ser els adolescents?\u201d<br \/>\n\u00abSeria interessant que a les lectures obligat\u00f2ries hi hagu\u00e9s m\u00e9s varietat de g\u00e8neres\u00bb<br \/>\n\u00abVaig llegir en digital durant el confinament, per\u00f2 prefereixo llegir en paper\u00bb<br \/>\n\u00abTenim pocs espais per parlar de llibres i els que tenim, s\u00f3n nom\u00e9s per valorar la comprensi\u00f3 lectora\u00bb<br \/>\n\u00abQue ens obliguin a llegir llibres, no crec que sigui la manera m\u00e9s adequada de fer m\u00e9s lectors\u00bb<br \/>\n\u00abNo entenc que no ens deixin a nosaltres triar els llibres i fer-nos l\u2019examen igual\u00bb<br \/>\n\u00abTinc molts amics que no s\u00f3n lectors i no em poden entendre, per\u00f2 ja ho tinc assumit\u00bb<\/p>\n<p>A la segona part de la Jornada vam escoltar la veu dels <strong>il\u00b7lustradors<\/strong>: \u00abIl\u00b7lustrar per a infants, il\u00b7lustrar per a adults: dues mirades en di\u00e0leg\u00bb. Amb Pep Montserrat i Jordi Vila Delcl\u00f2s, moderats per Guida Planes.<\/p>\n<p>Pep Montserrat:<\/p>\n<p>\u201cM\u2019agrada il\u00b7lustrar cl\u00e0ssics perqu\u00e8 van m\u00e9s enll\u00e0 de la paraula, tenen a veure amb el desenvolupament dels infants\u201d<br \/>\n\u201cL\u2019autor contemporani ha de treballar en llibertat\u201d<\/p>\n<p>Jordi Vila Delcl\u00f2s:<\/p>\n<p>\u201cNo s\u00e9 trobar les difer\u00e8ncies entre il\u00b7lustrar per a nens o per a adults, nom\u00e9s es tracta de controlar el missatge\u201d<br \/>\n\u201cSempre intento que l\u2019infant pugui acabar d\u2019imaginar\u201d<\/p>\n<p>A trav\u00e9s d\u2019aquest <a href=\"https:\/\/photos.google.com\/share\/AF1QipMLbENrBink4ieIqNm3s1IRDkRRKY2gR6x4lJzb63KxSw-MfW7ydmVTXLLp3xfQXQ?key=bW80dUVJQTlJTXc4U2RaVExMdTJrSlhTbFlvM3pR\" target=\"_blank\" rel=\"noopener\">enlla\u00e7<\/a> podreu accedir a la <strong>galeria de fotos<\/strong>.<\/p>\n<p>Fins a la pr\u00f2xima Jornada!<\/p>\n","protected":false},"excerpt":{"rendered":"<p>Amb l&#8217;auditori de la Biblioteca Montserrat Abell\u00f3 ple a vessar de bibliotecaris\/es, mediadors\/es, llibreters\/es, editors\/es&#8230; la Jornada Faristol 2024, celebrada el passat dissabte 24 de febrer, ens va deixar grans reflexions al voltant de la LIJ a partir de la mirada dels joves i dels il\u00b7lustradors. El tema de l&#8217;edici\u00f3 d&#8217;enguany (la vintena!) era PENSAR [&hellip;]<\/p>\n","protected":false},"author":3,"featured_media":21953,"comment_status":"open","ping_status":"open","sticky":false,"template":"","format":"standard","meta":{"_acf_changed":false,"rs_blank_template":"","rs_page_bg_color":"","slide_template_v7":"","inline_featured_image":false,"_monsterinsights_skip_tracking":false,"footnotes":""},"categories":[1],"tags":[],"class_list":["post-21952","post","type-post","status-publish","format-standard","has-post-thumbnail","hentry","category-uncategorized-ca","post-projecte-faristol","post-destinatari-comunitat-lij"],"acf":{"photo_gallery":{"galeria":[[]]}},"_links":{"self":[{"href":"https:\/\/www.ibbycat.cat\/es\/wp-json\/wp\/v2\/posts\/21952","targetHints":{"allow":["GET"]}}],"collection":[{"href":"https:\/\/www.ibbycat.cat\/es\/wp-json\/wp\/v2\/posts"}],"about":[{"href":"https:\/\/www.ibbycat.cat\/es\/wp-json\/wp\/v2\/types\/post"}],"author":[{"embeddable":true,"href":"https:\/\/www.ibbycat.cat\/es\/wp-json\/wp\/v2\/users\/3"}],"replies":[{"embeddable":true,"href":"https:\/\/www.ibbycat.cat\/es\/wp-json\/wp\/v2\/comments?post=21952"}],"version-history":[{"count":3,"href":"https:\/\/www.ibbycat.cat\/es\/wp-json\/wp\/v2\/posts\/21952\/revisions"}],"predecessor-version":[{"id":21958,"href":"https:\/\/www.ibbycat.cat\/es\/wp-json\/wp\/v2\/posts\/21952\/revisions\/21958"}],"wp:featuredmedia":[{"embeddable":true,"href":"https:\/\/www.ibbycat.cat\/es\/wp-json\/wp\/v2\/media\/21953"}],"wp:attachment":[{"href":"https:\/\/www.ibbycat.cat\/es\/wp-json\/wp\/v2\/media?parent=21952"}],"wp:term":[{"taxonomy":"category","embeddable":true,"href":"https:\/\/www.ibbycat.cat\/es\/wp-json\/wp\/v2\/categories?post=21952"},{"taxonomy":"post_tag","embeddable":true,"href":"https:\/\/www.ibbycat.cat\/es\/wp-json\/wp\/v2\/tags?post=21952"}],"curies":[{"name":"wp","href":"https:\/\/api.w.org\/{rel}","templated":true}]}}