{"id":3773,"date":"2008-04-17T00:00:00","date_gmt":"2008-04-16T22:00:00","guid":{"rendered":"https:\/\/www.ibbycat.cat\/taula-rodona-lalbum-il%c2%b7lustrat-i-la-guerra\/"},"modified":"2024-01-18T16:05:21","modified_gmt":"2024-01-18T15:05:21","slug":"taula-rodona-lalbum-il%c2%b7lustrat-i-la-guerra","status":"publish","type":"post","link":"https:\/\/www.ibbycat.cat\/es\/taula-rodona-lalbum-il%c2%b7lustrat-i-la-guerra\/","title":{"rendered":"TAULA RODONA \u00abL&#8217;\u00c0LBUM IL\u00b7LUSTRAT I LA GUERRA\u00bb"},"content":{"rendered":"<p><b>El proper dia 16 d&#8217;abril a les 19 hores<\/b>, a l&#8217;Arxiu Municipal del Districte Sants-Monju\u00efc (Pl. Bonet i Muix\u00ed, 3 de Barcelona), les editorials Hip\u00f2tesi, Kalandraka, Ekar\u00e9 i Tant\u00e0gora organitzen una taula rodona per parlar de l&#8217;\u00e0lbum infantil il\u00b7lustrat i la guerra. Conduir\u00e0 la taula <b>Oblit Baseiria<\/b> i hi participaran: <b>Lola Barcel\u00f3, Pablo Larraguibel<\/b> i <b>Roser Ros<\/b>.<\/p>\n","protected":false},"excerpt":{"rendered":"<p>El proper dia 16 d&#8217;abril a les 19 hores, a l&#8217;Arxiu Municipal del Districte Sants-Monju\u00efc (Pl. Bonet i Muix\u00ed, 3 de Barcelona), les editorials Hip\u00f2tesi, Kalandraka, Ekar\u00e9 i Tant\u00e0gora organitzen una taula rodona per parlar de l&#8217;\u00e0lbum infantil il\u00b7lustrat i la guerra. Conduir\u00e0 la taula Oblit Baseiria i hi participaran: Lola Barcel\u00f3, Pablo Larraguibel i [&hellip;]<\/p>\n","protected":false},"author":3,"featured_media":0,"comment_status":"closed","ping_status":"open","sticky":false,"template":"","format":"standard","meta":{"_acf_changed":false,"rs_blank_template":"","rs_page_bg_color":"","slide_template_v7":"","inline_featured_image":false,"_monsterinsights_skip_tracking":false,"footnotes":""},"categories":[268],"tags":[],"class_list":["post-3773","post","type-post","status-publish","format-standard","hentry","category-uncategorized"],"acf":{"photo_gallery":{"galeria":[[]]}},"_links":{"self":[{"href":"https:\/\/www.ibbycat.cat\/es\/wp-json\/wp\/v2\/posts\/3773","targetHints":{"allow":["GET"]}}],"collection":[{"href":"https:\/\/www.ibbycat.cat\/es\/wp-json\/wp\/v2\/posts"}],"about":[{"href":"https:\/\/www.ibbycat.cat\/es\/wp-json\/wp\/v2\/types\/post"}],"author":[{"embeddable":true,"href":"https:\/\/www.ibbycat.cat\/es\/wp-json\/wp\/v2\/users\/3"}],"replies":[{"embeddable":true,"href":"https:\/\/www.ibbycat.cat\/es\/wp-json\/wp\/v2\/comments?post=3773"}],"version-history":[{"count":1,"href":"https:\/\/www.ibbycat.cat\/es\/wp-json\/wp\/v2\/posts\/3773\/revisions"}],"predecessor-version":[{"id":19768,"href":"https:\/\/www.ibbycat.cat\/es\/wp-json\/wp\/v2\/posts\/3773\/revisions\/19768"}],"wp:attachment":[{"href":"https:\/\/www.ibbycat.cat\/es\/wp-json\/wp\/v2\/media?parent=3773"}],"wp:term":[{"taxonomy":"category","embeddable":true,"href":"https:\/\/www.ibbycat.cat\/es\/wp-json\/wp\/v2\/categories?post=3773"},{"taxonomy":"post_tag","embeddable":true,"href":"https:\/\/www.ibbycat.cat\/es\/wp-json\/wp\/v2\/tags?post=3773"}],"curies":[{"name":"wp","href":"https:\/\/api.w.org\/{rel}","templated":true}]}}