{"id":3776,"date":"2008-05-20T00:00:00","date_gmt":"2008-05-19T22:00:00","guid":{"rendered":"https:\/\/www.ibbycat.cat\/guanyadors-del-premi-de-literatura-protagonista-jove\/"},"modified":"2024-01-18T16:05:21","modified_gmt":"2024-01-18T15:05:21","slug":"guanyadors-del-premi-de-literatura-protagonista-jove","status":"publish","type":"post","link":"https:\/\/www.ibbycat.cat\/es\/guanyadors-del-premi-de-literatura-protagonista-jove\/","title":{"rendered":"GUANYADORS DEL PREMI DE LITERATURA PROTAGONISTA JOVE"},"content":{"rendered":"<p>Els joves tamb\u00e9 han fet sentir la seva veu i prop de 1.300 Jurats de Catalunya, Balears i Pa\u00eds Valenci\u00e0 han atorgat el premi a:<br \/><b>Categoria 13-14 anys<\/b>HIGGINS, F.E. <i><b>El llibre negre dels secrets<\/i><\/b>. Editorial Cru\u00eflla<br \/><b>Categoria 15-16 anys<\/b>BOYNE, John. <i><b>El noi del pijama de ratlles<\/i><\/b>. Editorial Emp\u00faries.<\/p>\n<p>El lliurament de premis, que ser\u00e0 presidit pel director de la Instituci\u00f3 de les Lletres Catalanes, Sr.Oriol Izquierdo, es far\u00e0 el dia 8 de maig a les 10,30 hores a la Sala Cotxeres del Palau Robert (Passeig de Gr\u00e0cia\/Diagonal) de Barcelona.<\/p>\n","protected":false},"excerpt":{"rendered":"<p>Els joves tamb\u00e9 han fet sentir la seva veu i prop de 1.300 Jurats de Catalunya, Balears i Pa\u00eds Valenci\u00e0 han atorgat el premi a:Categoria 13-14 anysHIGGINS, F.E. El llibre negre dels secrets. Editorial Cru\u00efllaCategoria 15-16 anysBOYNE, John. El noi del pijama de ratlles. Editorial Emp\u00faries. El lliurament de premis, que ser\u00e0 presidit pel director [&hellip;]<\/p>\n","protected":false},"author":3,"featured_media":0,"comment_status":"closed","ping_status":"open","sticky":false,"template":"","format":"standard","meta":{"_acf_changed":false,"inline_featured_image":false,"_monsterinsights_skip_tracking":false,"footnotes":""},"categories":[268],"tags":[],"class_list":["post-3776","post","type-post","status-publish","format-standard","hentry","category-uncategorized"],"acf":{"photo_gallery":{"galeria":[[]]}},"_links":{"self":[{"href":"https:\/\/www.ibbycat.cat\/es\/wp-json\/wp\/v2\/posts\/3776","targetHints":{"allow":["GET"]}}],"collection":[{"href":"https:\/\/www.ibbycat.cat\/es\/wp-json\/wp\/v2\/posts"}],"about":[{"href":"https:\/\/www.ibbycat.cat\/es\/wp-json\/wp\/v2\/types\/post"}],"author":[{"embeddable":true,"href":"https:\/\/www.ibbycat.cat\/es\/wp-json\/wp\/v2\/users\/3"}],"replies":[{"embeddable":true,"href":"https:\/\/www.ibbycat.cat\/es\/wp-json\/wp\/v2\/comments?post=3776"}],"version-history":[{"count":1,"href":"https:\/\/www.ibbycat.cat\/es\/wp-json\/wp\/v2\/posts\/3776\/revisions"}],"predecessor-version":[{"id":5277,"href":"https:\/\/www.ibbycat.cat\/es\/wp-json\/wp\/v2\/posts\/3776\/revisions\/5277"}],"wp:attachment":[{"href":"https:\/\/www.ibbycat.cat\/es\/wp-json\/wp\/v2\/media?parent=3776"}],"wp:term":[{"taxonomy":"category","embeddable":true,"href":"https:\/\/www.ibbycat.cat\/es\/wp-json\/wp\/v2\/categories?post=3776"},{"taxonomy":"post_tag","embeddable":true,"href":"https:\/\/www.ibbycat.cat\/es\/wp-json\/wp\/v2\/tags?post=3776"}],"curies":[{"name":"wp","href":"https:\/\/api.w.org\/{rel}","templated":true}]}}