{"id":3899,"date":"2009-12-17T00:00:00","date_gmt":"2009-12-16T23:00:00","guid":{"rendered":"https:\/\/www.ibbycat.cat\/premi-cavall-fort-2009-2\/"},"modified":"2024-01-18T16:06:09","modified_gmt":"2024-01-18T15:06:09","slug":"premi-cavall-fort-2009-2","status":"publish","type":"post","link":"https:\/\/www.ibbycat.cat\/es\/premi-cavall-fort-2009-2\/","title":{"rendered":"PREMI CAVALL FORT 2009"},"content":{"rendered":"<p>El proper <strong>dijous 17 de desembre, a dos quarts de vuit del vespre<\/strong>, a l&#8217;auditori de la Biblioteca Jaume Fuster, pla\u00e7a Lesseps, 20-22 de Barcelona, es far\u00e0 el lliurament del <strong>Premi Cavall Fort 2009.<\/strong><br \/>Durant l&#8217;acte l&#8217;actriu <strong>Rosa Cadafalch <\/strong>oferir\u00e0 una lectura de contes publicats a Cavall Fort.<\/p>\n","protected":false},"excerpt":{"rendered":"<p>El proper dijous 17 de desembre, a dos quarts de vuit del vespre, a l&#8217;auditori de la Biblioteca Jaume Fuster, pla\u00e7a Lesseps, 20-22 de Barcelona, es far\u00e0 el lliurament del Premi Cavall Fort 2009.Durant l&#8217;acte l&#8217;actriu Rosa Cadafalch oferir\u00e0 una lectura de contes publicats a Cavall Fort.<\/p>\n","protected":false},"author":3,"featured_media":0,"comment_status":"closed","ping_status":"open","sticky":false,"template":"","format":"standard","meta":{"_acf_changed":false,"inline_featured_image":false,"_monsterinsights_skip_tracking":false,"footnotes":""},"categories":[268],"tags":[],"class_list":["post-3899","post","type-post","status-publish","format-standard","hentry","category-uncategorized"],"acf":{"photo_gallery":{"galeria":[[]]}},"_links":{"self":[{"href":"https:\/\/www.ibbycat.cat\/es\/wp-json\/wp\/v2\/posts\/3899","targetHints":{"allow":["GET"]}}],"collection":[{"href":"https:\/\/www.ibbycat.cat\/es\/wp-json\/wp\/v2\/posts"}],"about":[{"href":"https:\/\/www.ibbycat.cat\/es\/wp-json\/wp\/v2\/types\/post"}],"author":[{"embeddable":true,"href":"https:\/\/www.ibbycat.cat\/es\/wp-json\/wp\/v2\/users\/3"}],"replies":[{"embeddable":true,"href":"https:\/\/www.ibbycat.cat\/es\/wp-json\/wp\/v2\/comments?post=3899"}],"version-history":[{"count":1,"href":"https:\/\/www.ibbycat.cat\/es\/wp-json\/wp\/v2\/posts\/3899\/revisions"}],"predecessor-version":[{"id":19931,"href":"https:\/\/www.ibbycat.cat\/es\/wp-json\/wp\/v2\/posts\/3899\/revisions\/19931"}],"wp:attachment":[{"href":"https:\/\/www.ibbycat.cat\/es\/wp-json\/wp\/v2\/media?parent=3899"}],"wp:term":[{"taxonomy":"category","embeddable":true,"href":"https:\/\/www.ibbycat.cat\/es\/wp-json\/wp\/v2\/categories?post=3899"},{"taxonomy":"post_tag","embeddable":true,"href":"https:\/\/www.ibbycat.cat\/es\/wp-json\/wp\/v2\/tags?post=3899"}],"curies":[{"name":"wp","href":"https:\/\/api.w.org\/{rel}","templated":true}]}}