{"id":3901,"date":"2009-12-18T00:00:00","date_gmt":"2009-12-17T23:00:00","guid":{"rendered":"https:\/\/www.ibbycat.cat\/trobada-literaria\/"},"modified":"2024-01-18T16:06:10","modified_gmt":"2024-01-18T15:06:10","slug":"trobada-literaria","status":"publish","type":"post","link":"https:\/\/www.ibbycat.cat\/es\/trobada-literaria\/","title":{"rendered":"TROBADA LITER\u00c0RIA"},"content":{"rendered":"<p>La <strong>Llibreria A peu de p\u00e0gina <\/strong>organitza aquesta segona trobada liter\u00e0ria en la que, aquest any, tamb\u00e9 hi participaran una bona colla d&#8217;il\u00b7lustradors i il\u00b7lustradores de llibres per a infants. <br \/><strong>Dia:<\/strong>18 de desembre de 2009<br \/><strong>Adre\u00e7a:<\/strong> Pla\u00e7a Consell de la Vila (Sarri\u00e0) de Barcelona<br \/><strong>Hora:<\/strong> De les 6 a les 8 de la tarda.<\/p>\n","protected":false},"excerpt":{"rendered":"<p>La Llibreria A peu de p\u00e0gina organitza aquesta segona trobada liter\u00e0ria en la que, aquest any, tamb\u00e9 hi participaran una bona colla d&#8217;il\u00b7lustradors i il\u00b7lustradores de llibres per a infants. Dia:18 de desembre de 2009Adre\u00e7a: Pla\u00e7a Consell de la Vila (Sarri\u00e0) de BarcelonaHora: De les 6 a les 8 de la tarda.<\/p>\n","protected":false},"author":3,"featured_media":1387,"comment_status":"closed","ping_status":"open","sticky":false,"template":"","format":"standard","meta":{"_acf_changed":false,"rs_blank_template":"","rs_page_bg_color":"","slide_template_v7":"","inline_featured_image":false,"_monsterinsights_skip_tracking":false,"footnotes":""},"categories":[268],"tags":[],"class_list":["post-3901","post","type-post","status-publish","format-standard","has-post-thumbnail","hentry","category-uncategorized"],"acf":{"photo_gallery":{"galeria":[[]]}},"_links":{"self":[{"href":"https:\/\/www.ibbycat.cat\/es\/wp-json\/wp\/v2\/posts\/3901","targetHints":{"allow":["GET"]}}],"collection":[{"href":"https:\/\/www.ibbycat.cat\/es\/wp-json\/wp\/v2\/posts"}],"about":[{"href":"https:\/\/www.ibbycat.cat\/es\/wp-json\/wp\/v2\/types\/post"}],"author":[{"embeddable":true,"href":"https:\/\/www.ibbycat.cat\/es\/wp-json\/wp\/v2\/users\/3"}],"replies":[{"embeddable":true,"href":"https:\/\/www.ibbycat.cat\/es\/wp-json\/wp\/v2\/comments?post=3901"}],"version-history":[{"count":1,"href":"https:\/\/www.ibbycat.cat\/es\/wp-json\/wp\/v2\/posts\/3901\/revisions"}],"predecessor-version":[{"id":19933,"href":"https:\/\/www.ibbycat.cat\/es\/wp-json\/wp\/v2\/posts\/3901\/revisions\/19933"}],"wp:featuredmedia":[{"embeddable":true,"href":"https:\/\/www.ibbycat.cat\/es\/wp-json\/wp\/v2\/media\/1387"}],"wp:attachment":[{"href":"https:\/\/www.ibbycat.cat\/es\/wp-json\/wp\/v2\/media?parent=3901"}],"wp:term":[{"taxonomy":"category","embeddable":true,"href":"https:\/\/www.ibbycat.cat\/es\/wp-json\/wp\/v2\/categories?post=3901"},{"taxonomy":"post_tag","embeddable":true,"href":"https:\/\/www.ibbycat.cat\/es\/wp-json\/wp\/v2\/tags?post=3901"}],"curies":[{"name":"wp","href":"https:\/\/api.w.org\/{rel}","templated":true}]}}