{"id":3913,"date":"2010-02-16T00:00:00","date_gmt":"2010-02-15T23:00:00","guid":{"rendered":"https:\/\/www.ibbycat.cat\/dia-internacional-del-llibre-infantil-3\/"},"modified":"2024-01-18T16:06:15","modified_gmt":"2024-01-18T15:06:15","slug":"dia-internacional-del-llibre-infantil-3","status":"publish","type":"post","link":"https:\/\/www.ibbycat.cat\/es\/dia-internacional-del-llibre-infantil-3\/","title":{"rendered":"DIA INTERNACIONAL DEL LLIBRE INFANTIL"},"content":{"rendered":"<p>El proper dia <strong>15 de febrer finalitza el termini<\/strong> per adherir-se a la celebraci\u00f3 del <strong>Dia Internacional del Llibre Infantil <\/strong>que se celebra a tot el m\u00f3n per commemorar el naixement de Hans Christian Andersen. <br \/>Com que la celebraci\u00f3 cau en Setmana Santa, els actes es faran el dia <strong>12 d&#8217;abril<\/strong> a les <strong>12 hores del migdia o a les 18 hores de la tarda<\/strong>, segons decideixin les biblioteques i llibreries adherides.<br \/>Enguany l&#8217;OEPLI ha estat l&#8217;encarregada de preparar el cartell, obra de la il\u00b7lustradora <strong>Noem\u00ed Villamuza<\/strong>, i el missatge, de l&#8217;escriptor <strong>Eliacer Cansino<\/strong>, que es distribuir\u00e0 a tots els pa\u00efsos mebres de l&#8217;IBBY del m\u00f3n.<\/p>\n<p>\u00a0<\/p>\n","protected":false},"excerpt":{"rendered":"<p>El proper dia 15 de febrer finalitza el termini per adherir-se a la celebraci\u00f3 del Dia Internacional del Llibre Infantil que se celebra a tot el m\u00f3n per commemorar el naixement de Hans Christian Andersen. Com que la celebraci\u00f3 cau en Setmana Santa, els actes es faran el dia 12 d&#8217;abril a les 12 hores [&hellip;]<\/p>\n","protected":false},"author":3,"featured_media":1404,"comment_status":"closed","ping_status":"open","sticky":false,"template":"","format":"standard","meta":{"_acf_changed":false,"inline_featured_image":false,"_monsterinsights_skip_tracking":false,"footnotes":""},"categories":[268],"tags":[],"class_list":["post-3913","post","type-post","status-publish","format-standard","has-post-thumbnail","hentry","category-uncategorized"],"acf":{"photo_gallery":{"galeria":[[]]}},"_links":{"self":[{"href":"https:\/\/www.ibbycat.cat\/es\/wp-json\/wp\/v2\/posts\/3913","targetHints":{"allow":["GET"]}}],"collection":[{"href":"https:\/\/www.ibbycat.cat\/es\/wp-json\/wp\/v2\/posts"}],"about":[{"href":"https:\/\/www.ibbycat.cat\/es\/wp-json\/wp\/v2\/types\/post"}],"author":[{"embeddable":true,"href":"https:\/\/www.ibbycat.cat\/es\/wp-json\/wp\/v2\/users\/3"}],"replies":[{"embeddable":true,"href":"https:\/\/www.ibbycat.cat\/es\/wp-json\/wp\/v2\/comments?post=3913"}],"version-history":[{"count":1,"href":"https:\/\/www.ibbycat.cat\/es\/wp-json\/wp\/v2\/posts\/3913\/revisions"}],"predecessor-version":[{"id":5350,"href":"https:\/\/www.ibbycat.cat\/es\/wp-json\/wp\/v2\/posts\/3913\/revisions\/5350"}],"wp:featuredmedia":[{"embeddable":true,"href":"https:\/\/www.ibbycat.cat\/es\/wp-json\/wp\/v2\/media\/1404"}],"wp:attachment":[{"href":"https:\/\/www.ibbycat.cat\/es\/wp-json\/wp\/v2\/media?parent=3913"}],"wp:term":[{"taxonomy":"category","embeddable":true,"href":"https:\/\/www.ibbycat.cat\/es\/wp-json\/wp\/v2\/categories?post=3913"},{"taxonomy":"post_tag","embeddable":true,"href":"https:\/\/www.ibbycat.cat\/es\/wp-json\/wp\/v2\/tags?post=3913"}],"curies":[{"name":"wp","href":"https:\/\/api.w.org\/{rel}","templated":true}]}}