{"id":3914,"date":"2010-03-01T00:00:00","date_gmt":"2010-02-28T23:00:00","guid":{"rendered":"https:\/\/www.ibbycat.cat\/26e-salo-del-llibre-infantil-i-juvenil\/"},"modified":"2024-01-18T16:06:15","modified_gmt":"2024-01-18T15:06:15","slug":"26e-salo-del-llibre-infantil-i-juvenil","status":"publish","type":"post","link":"https:\/\/www.ibbycat.cat\/es\/26e-salo-del-llibre-infantil-i-juvenil\/","title":{"rendered":"26\u00e8 SAL\u00d3 DEL LLIBRE INFANTIL I JUVENIL"},"content":{"rendered":"<p>El <strong>Sal\u00f3 del Llibre Infantil i Juvenil<\/strong> tornar\u00e0 a obrir les seves portes del <strong>24 d&#8217;abril al 7 de maig<\/strong> al Pavell\u00f3 Firal de Mollerussa.<br \/>En breu comunicarem la data en que les escoles podran comen\u00e7ar a reservar dia i hora per fer la visita.<\/p>\n<p>\u00a0<\/p>\n","protected":false},"excerpt":{"rendered":"<p>El Sal\u00f3 del Llibre Infantil i Juvenil tornar\u00e0 a obrir les seves portes del 24 d&#8217;abril al 7 de maig al Pavell\u00f3 Firal de Mollerussa.En breu comunicarem la data en que les escoles podran comen\u00e7ar a reservar dia i hora per fer la visita. \u00a0<\/p>\n","protected":false},"author":3,"featured_media":0,"comment_status":"closed","ping_status":"open","sticky":false,"template":"","format":"standard","meta":{"_acf_changed":false,"rs_blank_template":"","rs_page_bg_color":"","slide_template_v7":"","inline_featured_image":false,"_monsterinsights_skip_tracking":false,"footnotes":""},"categories":[268],"tags":[],"class_list":["post-3914","post","type-post","status-publish","format-standard","hentry","category-uncategorized"],"acf":{"photo_gallery":{"galeria":[[]]}},"_links":{"self":[{"href":"https:\/\/www.ibbycat.cat\/es\/wp-json\/wp\/v2\/posts\/3914","targetHints":{"allow":["GET"]}}],"collection":[{"href":"https:\/\/www.ibbycat.cat\/es\/wp-json\/wp\/v2\/posts"}],"about":[{"href":"https:\/\/www.ibbycat.cat\/es\/wp-json\/wp\/v2\/types\/post"}],"author":[{"embeddable":true,"href":"https:\/\/www.ibbycat.cat\/es\/wp-json\/wp\/v2\/users\/3"}],"replies":[{"embeddable":true,"href":"https:\/\/www.ibbycat.cat\/es\/wp-json\/wp\/v2\/comments?post=3914"}],"version-history":[{"count":1,"href":"https:\/\/www.ibbycat.cat\/es\/wp-json\/wp\/v2\/posts\/3914\/revisions"}],"predecessor-version":[{"id":19953,"href":"https:\/\/www.ibbycat.cat\/es\/wp-json\/wp\/v2\/posts\/3914\/revisions\/19953"}],"wp:attachment":[{"href":"https:\/\/www.ibbycat.cat\/es\/wp-json\/wp\/v2\/media?parent=3914"}],"wp:term":[{"taxonomy":"category","embeddable":true,"href":"https:\/\/www.ibbycat.cat\/es\/wp-json\/wp\/v2\/categories?post=3914"},{"taxonomy":"post_tag","embeddable":true,"href":"https:\/\/www.ibbycat.cat\/es\/wp-json\/wp\/v2\/tags?post=3914"}],"curies":[{"name":"wp","href":"https:\/\/api.w.org\/{rel}","templated":true}]}}