{"id":3945,"date":"2010-05-15T00:00:00","date_gmt":"2010-05-14T22:00:00","guid":{"rendered":"https:\/\/www.ibbycat.cat\/premi-critica-serra-dor-de-literatura-infantil-2010\/"},"modified":"2024-01-18T16:06:26","modified_gmt":"2024-01-18T15:06:26","slug":"premi-critica-serra-dor-de-literatura-infantil-2010","status":"publish","type":"post","link":"https:\/\/www.ibbycat.cat\/es\/premi-critica-serra-dor-de-literatura-infantil-2010\/","title":{"rendered":"PREMI CR\u00cdTICA SERRA D&#8217;OR DE LITERATURA INFANTIL 2010"},"content":{"rendered":"<p><strong>Lluis Farr\u00e9<\/strong> i <strong>Merc\u00e8 Canals <\/strong>han estat guardonats amb el <strong>Premi Cr\u00edtica Serra d&#8217;Or de Literatura Infantil <\/strong>per l&#8217;obra <em>L&#8217;arca de No\u00e9<\/em> publicat per Combel.<\/p>\n","protected":false},"excerpt":{"rendered":"<p>Lluis Farr\u00e9 i Merc\u00e8 Canals han estat guardonats amb el Premi Cr\u00edtica Serra d&#8217;Or de Literatura Infantil per l&#8217;obra L&#8217;arca de No\u00e9 publicat per Combel.<\/p>\n","protected":false},"author":3,"featured_media":0,"comment_status":"closed","ping_status":"open","sticky":false,"template":"","format":"standard","meta":{"_acf_changed":false,"rs_blank_template":"","rs_page_bg_color":"","slide_template_v7":"","inline_featured_image":false,"_monsterinsights_skip_tracking":false,"footnotes":""},"categories":[268],"tags":[],"class_list":["post-3945","post","type-post","status-publish","format-standard","hentry","category-uncategorized"],"acf":{"photo_gallery":{"galeria":[[]]}},"_links":{"self":[{"href":"https:\/\/www.ibbycat.cat\/es\/wp-json\/wp\/v2\/posts\/3945","targetHints":{"allow":["GET"]}}],"collection":[{"href":"https:\/\/www.ibbycat.cat\/es\/wp-json\/wp\/v2\/posts"}],"about":[{"href":"https:\/\/www.ibbycat.cat\/es\/wp-json\/wp\/v2\/types\/post"}],"author":[{"embeddable":true,"href":"https:\/\/www.ibbycat.cat\/es\/wp-json\/wp\/v2\/users\/3"}],"replies":[{"embeddable":true,"href":"https:\/\/www.ibbycat.cat\/es\/wp-json\/wp\/v2\/comments?post=3945"}],"version-history":[{"count":1,"href":"https:\/\/www.ibbycat.cat\/es\/wp-json\/wp\/v2\/posts\/3945\/revisions"}],"predecessor-version":[{"id":19993,"href":"https:\/\/www.ibbycat.cat\/es\/wp-json\/wp\/v2\/posts\/3945\/revisions\/19993"}],"wp:attachment":[{"href":"https:\/\/www.ibbycat.cat\/es\/wp-json\/wp\/v2\/media?parent=3945"}],"wp:term":[{"taxonomy":"category","embeddable":true,"href":"https:\/\/www.ibbycat.cat\/es\/wp-json\/wp\/v2\/categories?post=3945"},{"taxonomy":"post_tag","embeddable":true,"href":"https:\/\/www.ibbycat.cat\/es\/wp-json\/wp\/v2\/tags?post=3945"}],"curies":[{"name":"wp","href":"https:\/\/api.w.org\/{rel}","templated":true}]}}