{"id":3949,"date":"2010-05-22T00:00:00","date_gmt":"2010-05-21T22:00:00","guid":{"rendered":"https:\/\/www.ibbycat.cat\/contacontes-contes-del-mon\/"},"modified":"2024-01-18T16:06:29","modified_gmt":"2024-01-18T15:06:29","slug":"contacontes-contes-del-mon","status":"publish","type":"post","link":"https:\/\/www.ibbycat.cat\/es\/contacontes-contes-del-mon\/","title":{"rendered":"CONTACONTES: CONTES DEL M\u00d3N"},"content":{"rendered":"<p>El proper <strong>dissabte dia 22 de maig<\/strong> a la <strong>llibreria Abracadabra <\/strong>podreu escoltar contes que us faran viatjar arreu del m\u00f3n: el T\u00edbet, la Xina, el Brasil, \u00c0frica&#8230;<br \/>Les places s\u00f3n limitades i els <strong>contes per a nens i nenes a partir de 3 anys.<\/strong><br \/>Feu la vostra reserva!<br \/><strong>Lloc:<\/strong> Abracadabra Llibres.<br \/><strong>Adre\u00e7a:<\/strong> Gral. \u00c0lvarez de Castro 5 de Barcelona<br \/><strong>Dia i hora:<\/strong> 22 de maig a les 12 del migdia.<\/p>\n<p>\u00a0<\/p>\n","protected":false},"excerpt":{"rendered":"<p>El proper dissabte dia 22 de maig a la llibreria Abracadabra podreu escoltar contes que us faran viatjar arreu del m\u00f3n: el T\u00edbet, la Xina, el Brasil, \u00c0frica&#8230;Les places s\u00f3n limitades i els contes per a nens i nenes a partir de 3 anys.Feu la vostra reserva!Lloc: Abracadabra Llibres.Adre\u00e7a: Gral. \u00c0lvarez de Castro 5 de [&hellip;]<\/p>\n","protected":false},"author":3,"featured_media":0,"comment_status":"closed","ping_status":"open","sticky":false,"template":"","format":"standard","meta":{"_acf_changed":false,"rs_blank_template":"","rs_page_bg_color":"","slide_template_v7":"","inline_featured_image":false,"_monsterinsights_skip_tracking":false,"footnotes":""},"categories":[268],"tags":[],"class_list":["post-3949","post","type-post","status-publish","format-standard","hentry","category-uncategorized"],"acf":{"photo_gallery":{"galeria":[[]]}},"_links":{"self":[{"href":"https:\/\/www.ibbycat.cat\/es\/wp-json\/wp\/v2\/posts\/3949","targetHints":{"allow":["GET"]}}],"collection":[{"href":"https:\/\/www.ibbycat.cat\/es\/wp-json\/wp\/v2\/posts"}],"about":[{"href":"https:\/\/www.ibbycat.cat\/es\/wp-json\/wp\/v2\/types\/post"}],"author":[{"embeddable":true,"href":"https:\/\/www.ibbycat.cat\/es\/wp-json\/wp\/v2\/users\/3"}],"replies":[{"embeddable":true,"href":"https:\/\/www.ibbycat.cat\/es\/wp-json\/wp\/v2\/comments?post=3949"}],"version-history":[{"count":1,"href":"https:\/\/www.ibbycat.cat\/es\/wp-json\/wp\/v2\/posts\/3949\/revisions"}],"predecessor-version":[{"id":20003,"href":"https:\/\/www.ibbycat.cat\/es\/wp-json\/wp\/v2\/posts\/3949\/revisions\/20003"}],"wp:attachment":[{"href":"https:\/\/www.ibbycat.cat\/es\/wp-json\/wp\/v2\/media?parent=3949"}],"wp:term":[{"taxonomy":"category","embeddable":true,"href":"https:\/\/www.ibbycat.cat\/es\/wp-json\/wp\/v2\/categories?post=3949"},{"taxonomy":"post_tag","embeddable":true,"href":"https:\/\/www.ibbycat.cat\/es\/wp-json\/wp\/v2\/tags?post=3949"}],"curies":[{"name":"wp","href":"https:\/\/api.w.org\/{rel}","templated":true}]}}