{"id":3953,"date":"2010-06-15T00:00:00","date_gmt":"2010-06-14T22:00:00","guid":{"rendered":"https:\/\/www.ibbycat.cat\/i-escola-destiu-de-literatura-infantil-i-juvenil\/"},"modified":"2024-01-18T16:06:30","modified_gmt":"2024-01-18T15:06:30","slug":"i-escola-destiu-de-literatura-infantil-i-juvenil","status":"publish","type":"post","link":"https:\/\/www.ibbycat.cat\/es\/i-escola-destiu-de-literatura-infantil-i-juvenil\/","title":{"rendered":"I ESCOLA D&#8217;ESTIU DE LITERATURA INFANTIL I JUVENIL"},"content":{"rendered":"<p><strong>La Universitat de Vic<\/strong>, en col\u00b7laboraci\u00f3 amb l&#8217;Abadia de Montserrat, obre una primera <strong>Escola d&#8217;Estiu sobre Literatura Infantil i Juvenil<\/strong> adre\u00e7ada a persones que des de l&#8217;\u00e0mbit de l&#8217;ensenyament, la biblioteca infantil, la investigaci\u00f3 o la motivaci\u00f3 personal tinguin inter\u00e8s en l&#8217;aprofundiment d&#8217;aspectes del llibre infantil i juvenil.<br \/>Aquesta edici\u00f3 se centra en el paisatge, ent\u00e8s com a un element fonamental en la creaci\u00f3 de l&#8217;entorn m\u00e0gic i imaginatiu de tantes hist\u00f2ries, de totes les \u00e8poques, adre\u00e7ades als infants i joves.<br \/><strong>Dates: <\/strong>7, 8 i 9 de juliol de 2010<br \/><strong><\/strong><strong>Lloc:<\/strong> Abadia de Montserrat Sala Centre I<\/p>\n<p>\u00a0<\/p>\n","protected":false},"excerpt":{"rendered":"<p>La Universitat de Vic, en col\u00b7laboraci\u00f3 amb l&#8217;Abadia de Montserrat, obre una primera Escola d&#8217;Estiu sobre Literatura Infantil i Juvenil adre\u00e7ada a persones que des de l&#8217;\u00e0mbit de l&#8217;ensenyament, la biblioteca infantil, la investigaci\u00f3 o la motivaci\u00f3 personal tinguin inter\u00e8s en l&#8217;aprofundiment d&#8217;aspectes del llibre infantil i juvenil.Aquesta edici\u00f3 se centra en el paisatge, ent\u00e8s [&hellip;]<\/p>\n","protected":false},"author":3,"featured_media":0,"comment_status":"closed","ping_status":"open","sticky":false,"template":"","format":"standard","meta":{"_acf_changed":false,"inline_featured_image":false,"_monsterinsights_skip_tracking":false,"footnotes":""},"categories":[268],"tags":[],"class_list":["post-3953","post","type-post","status-publish","format-standard","hentry","category-uncategorized"],"acf":{"photo_gallery":{"galeria":[[]]}},"_links":{"self":[{"href":"https:\/\/www.ibbycat.cat\/es\/wp-json\/wp\/v2\/posts\/3953","targetHints":{"allow":["GET"]}}],"collection":[{"href":"https:\/\/www.ibbycat.cat\/es\/wp-json\/wp\/v2\/posts"}],"about":[{"href":"https:\/\/www.ibbycat.cat\/es\/wp-json\/wp\/v2\/types\/post"}],"author":[{"embeddable":true,"href":"https:\/\/www.ibbycat.cat\/es\/wp-json\/wp\/v2\/users\/3"}],"replies":[{"embeddable":true,"href":"https:\/\/www.ibbycat.cat\/es\/wp-json\/wp\/v2\/comments?post=3953"}],"version-history":[{"count":1,"href":"https:\/\/www.ibbycat.cat\/es\/wp-json\/wp\/v2\/posts\/3953\/revisions"}],"predecessor-version":[{"id":20007,"href":"https:\/\/www.ibbycat.cat\/es\/wp-json\/wp\/v2\/posts\/3953\/revisions\/20007"}],"wp:attachment":[{"href":"https:\/\/www.ibbycat.cat\/es\/wp-json\/wp\/v2\/media?parent=3953"}],"wp:term":[{"taxonomy":"category","embeddable":true,"href":"https:\/\/www.ibbycat.cat\/es\/wp-json\/wp\/v2\/categories?post=3953"},{"taxonomy":"post_tag","embeddable":true,"href":"https:\/\/www.ibbycat.cat\/es\/wp-json\/wp\/v2\/tags?post=3953"}],"curies":[{"name":"wp","href":"https:\/\/api.w.org\/{rel}","templated":true}]}}