{"id":3959,"date":"2010-08-15T00:00:00","date_gmt":"2010-08-14T22:00:00","guid":{"rendered":"https:\/\/www.ibbycat.cat\/mor-sergio-klein-autor-de-poderosa\/"},"modified":"2024-01-18T16:06:32","modified_gmt":"2024-01-18T15:06:32","slug":"mor-sergio-klein-autor-de-poderosa","status":"publish","type":"post","link":"https:\/\/www.ibbycat.cat\/es\/mor-sergio-klein-autor-de-poderosa\/","title":{"rendered":"MOR SERGIO KL\u00c9IN AUTOR DE \u00abPODEROSA\u00bb"},"content":{"rendered":"<p>L&#8217;escriptor Sergio Kl\u00e9in, un dels m\u00e9s coneguts i estimats autors del Brasil, va morir el passat dia 4 de juliol. Nascut el 1963, el seu personatge m\u00e9s conegut, dins i fora del seu pa\u00eds, \u00e9s Joana Dalva la protagonista de <strong><em>Poderosa<\/em><\/strong>, una adolescent que t\u00e9 una passi\u00f3 i un do, el d&#8217;escriure i alhora fer realitat el que escriu.<br \/>Edicions Bromera va editar en catal\u00e0 el primer t\u00edtol dels cinc diaris que protagonitza la jove que \u00abt\u00e9 el m\u00f3n a les mans\u00bb, i aquest mes de setembre publicar\u00e0 el segon lliurament, <strong><em>Poderosa 2<\/em><\/strong>. Anaya n&#8217;ha fet l&#8217;edici\u00f3 en castell\u00e0.<\/p>\n","protected":false},"excerpt":{"rendered":"<p>L&#8217;escriptor Sergio Kl\u00e9in, un dels m\u00e9s coneguts i estimats autors del Brasil, va morir el passat dia 4 de juliol. Nascut el 1963, el seu personatge m\u00e9s conegut, dins i fora del seu pa\u00eds, \u00e9s Joana Dalva la protagonista de Poderosa, una adolescent que t\u00e9 una passi\u00f3 i un do, el d&#8217;escriure i alhora fer [&hellip;]<\/p>\n","protected":false},"author":3,"featured_media":1467,"comment_status":"closed","ping_status":"open","sticky":false,"template":"","format":"standard","meta":{"_acf_changed":false,"inline_featured_image":false,"_monsterinsights_skip_tracking":false,"footnotes":""},"categories":[268],"tags":[],"class_list":["post-3959","post","type-post","status-publish","format-standard","has-post-thumbnail","hentry","category-uncategorized"],"acf":{"photo_gallery":{"galeria":[[]]}},"_links":{"self":[{"href":"https:\/\/www.ibbycat.cat\/es\/wp-json\/wp\/v2\/posts\/3959","targetHints":{"allow":["GET"]}}],"collection":[{"href":"https:\/\/www.ibbycat.cat\/es\/wp-json\/wp\/v2\/posts"}],"about":[{"href":"https:\/\/www.ibbycat.cat\/es\/wp-json\/wp\/v2\/types\/post"}],"author":[{"embeddable":true,"href":"https:\/\/www.ibbycat.cat\/es\/wp-json\/wp\/v2\/users\/3"}],"replies":[{"embeddable":true,"href":"https:\/\/www.ibbycat.cat\/es\/wp-json\/wp\/v2\/comments?post=3959"}],"version-history":[{"count":1,"href":"https:\/\/www.ibbycat.cat\/es\/wp-json\/wp\/v2\/posts\/3959\/revisions"}],"predecessor-version":[{"id":9693,"href":"https:\/\/www.ibbycat.cat\/es\/wp-json\/wp\/v2\/posts\/3959\/revisions\/9693"}],"wp:featuredmedia":[{"embeddable":true,"href":"https:\/\/www.ibbycat.cat\/es\/wp-json\/wp\/v2\/media\/1467"}],"wp:attachment":[{"href":"https:\/\/www.ibbycat.cat\/es\/wp-json\/wp\/v2\/media?parent=3959"}],"wp:term":[{"taxonomy":"category","embeddable":true,"href":"https:\/\/www.ibbycat.cat\/es\/wp-json\/wp\/v2\/categories?post=3959"},{"taxonomy":"post_tag","embeddable":true,"href":"https:\/\/www.ibbycat.cat\/es\/wp-json\/wp\/v2\/tags?post=3959"}],"curies":[{"name":"wp","href":"https:\/\/api.w.org\/{rel}","templated":true}]}}