{"id":3961,"date":"2010-09-02T00:00:00","date_gmt":"2010-09-01T22:00:00","guid":{"rendered":"https:\/\/www.ibbycat.cat\/i-jornada-almenar-lector\/"},"modified":"2024-01-18T16:06:32","modified_gmt":"2024-01-18T15:06:32","slug":"i-jornada-almenar-lector","status":"publish","type":"post","link":"https:\/\/www.ibbycat.cat\/es\/i-jornada-almenar-lector\/","title":{"rendered":"I JORNADA ALMENAR LECTOR"},"content":{"rendered":"<p>El diumenge<strong> dia 17 de setembre <\/strong>tindr\u00e0 lloc la primera <strong>J<\/strong><strong>ornada Almenar Lector:<\/strong> <strong>Com fomentar la lectura a casa.<br \/><\/strong>Us hi podeu inscriure gratu\u00eftament a partir del dia 1 de setembre.<br \/>Podeu clicar l&#8217;enlla\u00e7 de m\u00e9s avall i consultar el programa.<\/p>\n","protected":false},"excerpt":{"rendered":"<p>El diumenge dia 17 de setembre tindr\u00e0 lloc la primera Jornada Almenar Lector: Com fomentar la lectura a casa.Us hi podeu inscriure gratu\u00eftament a partir del dia 1 de setembre.Podeu clicar l&#8217;enlla\u00e7 de m\u00e9s avall i consultar el programa.<\/p>\n","protected":false},"author":3,"featured_media":0,"comment_status":"closed","ping_status":"open","sticky":false,"template":"","format":"standard","meta":{"_acf_changed":false,"rs_blank_template":"","rs_page_bg_color":"","slide_template_v7":"","inline_featured_image":false,"_monsterinsights_skip_tracking":false,"footnotes":""},"categories":[268],"tags":[],"class_list":["post-3961","post","type-post","status-publish","format-standard","hentry","category-uncategorized"],"acf":{"photo_gallery":{"galeria":[[]]}},"_links":{"self":[{"href":"https:\/\/www.ibbycat.cat\/es\/wp-json\/wp\/v2\/posts\/3961","targetHints":{"allow":["GET"]}}],"collection":[{"href":"https:\/\/www.ibbycat.cat\/es\/wp-json\/wp\/v2\/posts"}],"about":[{"href":"https:\/\/www.ibbycat.cat\/es\/wp-json\/wp\/v2\/types\/post"}],"author":[{"embeddable":true,"href":"https:\/\/www.ibbycat.cat\/es\/wp-json\/wp\/v2\/users\/3"}],"replies":[{"embeddable":true,"href":"https:\/\/www.ibbycat.cat\/es\/wp-json\/wp\/v2\/comments?post=3961"}],"version-history":[{"count":1,"href":"https:\/\/www.ibbycat.cat\/es\/wp-json\/wp\/v2\/posts\/3961\/revisions"}],"predecessor-version":[{"id":20017,"href":"https:\/\/www.ibbycat.cat\/es\/wp-json\/wp\/v2\/posts\/3961\/revisions\/20017"}],"wp:attachment":[{"href":"https:\/\/www.ibbycat.cat\/es\/wp-json\/wp\/v2\/media?parent=3961"}],"wp:term":[{"taxonomy":"category","embeddable":true,"href":"https:\/\/www.ibbycat.cat\/es\/wp-json\/wp\/v2\/categories?post=3961"},{"taxonomy":"post_tag","embeddable":true,"href":"https:\/\/www.ibbycat.cat\/es\/wp-json\/wp\/v2\/tags?post=3961"}],"curies":[{"name":"wp","href":"https:\/\/api.w.org\/{rel}","templated":true}]}}