{"id":3969,"date":"2010-10-20T00:00:00","date_gmt":"2010-10-19T22:00:00","guid":{"rendered":"https:\/\/www.ibbycat.cat\/prolegs-de-francesc-rovira\/"},"modified":"2024-01-18T16:06:37","modified_gmt":"2024-01-18T15:06:37","slug":"prolegs-de-francesc-rovira","status":"publish","type":"post","link":"https:\/\/www.ibbycat.cat\/es\/prolegs-de-francesc-rovira\/","title":{"rendered":"PR\u00d2LEGS DE FRANCESC ROVIRA"},"content":{"rendered":"<p>Del <strong>5 al 30 d&#8217;octubre<\/strong> la Sala Rovira acull l&#8217;exposici\u00f3 de l&#8217;il\u00b7lustrador <strong>Francesc Rovira<\/strong>. La inauguraci\u00f3 es far\u00e0 el dia 5 a les set de la tarda. No us la perdeu!<br \/><strong>Adre\u00e7a: <\/strong>Rambla de Catalunya, 62 de Barcelona<\/p>\n<p>\u00a0<\/p>\n","protected":false},"excerpt":{"rendered":"<p>Del 5 al 30 d&#8217;octubre la Sala Rovira acull l&#8217;exposici\u00f3 de l&#8217;il\u00b7lustrador Francesc Rovira. La inauguraci\u00f3 es far\u00e0 el dia 5 a les set de la tarda. No us la perdeu!Adre\u00e7a: Rambla de Catalunya, 62 de Barcelona \u00a0<\/p>\n","protected":false},"author":3,"featured_media":0,"comment_status":"closed","ping_status":"open","sticky":false,"template":"","format":"standard","meta":{"_acf_changed":false,"rs_blank_template":"","rs_page_bg_color":"","slide_template_v7":"","inline_featured_image":false,"_monsterinsights_skip_tracking":false,"footnotes":""},"categories":[268],"tags":[],"class_list":["post-3969","post","type-post","status-publish","format-standard","hentry","category-uncategorized"],"acf":{"photo_gallery":{"galeria":[[]]}},"_links":{"self":[{"href":"https:\/\/www.ibbycat.cat\/es\/wp-json\/wp\/v2\/posts\/3969","targetHints":{"allow":["GET"]}}],"collection":[{"href":"https:\/\/www.ibbycat.cat\/es\/wp-json\/wp\/v2\/posts"}],"about":[{"href":"https:\/\/www.ibbycat.cat\/es\/wp-json\/wp\/v2\/types\/post"}],"author":[{"embeddable":true,"href":"https:\/\/www.ibbycat.cat\/es\/wp-json\/wp\/v2\/users\/3"}],"replies":[{"embeddable":true,"href":"https:\/\/www.ibbycat.cat\/es\/wp-json\/wp\/v2\/comments?post=3969"}],"version-history":[{"count":1,"href":"https:\/\/www.ibbycat.cat\/es\/wp-json\/wp\/v2\/posts\/3969\/revisions"}],"predecessor-version":[{"id":20027,"href":"https:\/\/www.ibbycat.cat\/es\/wp-json\/wp\/v2\/posts\/3969\/revisions\/20027"}],"wp:attachment":[{"href":"https:\/\/www.ibbycat.cat\/es\/wp-json\/wp\/v2\/media?parent=3969"}],"wp:term":[{"taxonomy":"category","embeddable":true,"href":"https:\/\/www.ibbycat.cat\/es\/wp-json\/wp\/v2\/categories?post=3969"},{"taxonomy":"post_tag","embeddable":true,"href":"https:\/\/www.ibbycat.cat\/es\/wp-json\/wp\/v2\/tags?post=3969"}],"curies":[{"name":"wp","href":"https:\/\/api.w.org\/{rel}","templated":true}]}}