{"id":3972,"date":"2010-10-30T00:00:00","date_gmt":"2010-10-29T22:00:00","guid":{"rendered":"https:\/\/www.ibbycat.cat\/il%c2%b7lustrat-tambe-conten\/"},"modified":"2024-01-18T16:06:38","modified_gmt":"2024-01-18T15:06:38","slug":"il%c2%b7lustrat-tambe-conten","status":"publish","type":"post","link":"https:\/\/www.ibbycat.cat\/es\/il%c2%b7lustrat-tambe-conten\/","title":{"rendered":"IL\u00b7LUSTRAT. TAMB\u00c9 CONTEN"},"content":{"rendered":"<p><strong>Del 19 al 30 d&#8217;octubre<\/strong>, en el marc de <strong>\u00ab<\/strong>Munts de Mots. Primer Festival de Narraci\u00f3<strong> <\/strong>Oral de Barcelona\u00bb, <strong>l&#8217;editoral Thule<\/strong> presentar\u00e0 l&#8217;exposici\u00f3 dels seus autors: <strong>M\u00f3nica Guti\u00e9rrez Serna, Arianne Faber, Diego Ferm\u00edn, Elena Ferr\u00e1ndiz<\/strong> i <strong>Gustavo Roldan<\/strong>.<br \/>Lloc: Centre C\u00edvic Cotxeres Borrell<br \/>Adre\u00e7a: Viladomat, 2 de Barcelona<\/p>\n","protected":false},"excerpt":{"rendered":"<p>Del 19 al 30 d&#8217;octubre, en el marc de \u00abMunts de Mots. Primer Festival de Narraci\u00f3 Oral de Barcelona\u00bb, l&#8217;editoral Thule presentar\u00e0 l&#8217;exposici\u00f3 dels seus autors: M\u00f3nica Guti\u00e9rrez Serna, Arianne Faber, Diego Ferm\u00edn, Elena Ferr\u00e1ndiz i Gustavo Roldan.Lloc: Centre C\u00edvic Cotxeres BorrellAdre\u00e7a: Viladomat, 2 de Barcelona<\/p>\n","protected":false},"author":3,"featured_media":0,"comment_status":"closed","ping_status":"open","sticky":false,"template":"","format":"standard","meta":{"_acf_changed":false,"inline_featured_image":false,"_monsterinsights_skip_tracking":false,"footnotes":""},"categories":[268],"tags":[],"class_list":["post-3972","post","type-post","status-publish","format-standard","hentry","category-uncategorized"],"acf":{"photo_gallery":{"galeria":[[]]}},"_links":{"self":[{"href":"https:\/\/www.ibbycat.cat\/es\/wp-json\/wp\/v2\/posts\/3972","targetHints":{"allow":["GET"]}}],"collection":[{"href":"https:\/\/www.ibbycat.cat\/es\/wp-json\/wp\/v2\/posts"}],"about":[{"href":"https:\/\/www.ibbycat.cat\/es\/wp-json\/wp\/v2\/types\/post"}],"author":[{"embeddable":true,"href":"https:\/\/www.ibbycat.cat\/es\/wp-json\/wp\/v2\/users\/3"}],"replies":[{"embeddable":true,"href":"https:\/\/www.ibbycat.cat\/es\/wp-json\/wp\/v2\/comments?post=3972"}],"version-history":[{"count":1,"href":"https:\/\/www.ibbycat.cat\/es\/wp-json\/wp\/v2\/posts\/3972\/revisions"}],"predecessor-version":[{"id":20033,"href":"https:\/\/www.ibbycat.cat\/es\/wp-json\/wp\/v2\/posts\/3972\/revisions\/20033"}],"wp:attachment":[{"href":"https:\/\/www.ibbycat.cat\/es\/wp-json\/wp\/v2\/media?parent=3972"}],"wp:term":[{"taxonomy":"category","embeddable":true,"href":"https:\/\/www.ibbycat.cat\/es\/wp-json\/wp\/v2\/categories?post=3972"},{"taxonomy":"post_tag","embeddable":true,"href":"https:\/\/www.ibbycat.cat\/es\/wp-json\/wp\/v2\/tags?post=3972"}],"curies":[{"name":"wp","href":"https:\/\/api.w.org\/{rel}","templated":true}]}}