{"id":3999,"date":"2011-02-20T00:00:00","date_gmt":"2011-02-19T23:00:00","guid":{"rendered":"https:\/\/www.ibbycat.cat\/patrizia-campana-assumeix-la-direccio-editorial-de-larea-infantil-i-juvenil-del-grup-62\/"},"modified":"2024-01-18T16:06:48","modified_gmt":"2024-01-18T15:06:48","slug":"patrizia-campana-assumeix-la-direccio-editorial-de-larea-infantil-i-juvenil-del-grup-62","status":"publish","type":"post","link":"https:\/\/www.ibbycat.cat\/es\/patrizia-campana-assumeix-la-direccio-editorial-de-larea-infantil-i-juvenil-del-grup-62\/","title":{"rendered":"PATRIZIA CAMPANA ASSUMEIX LA DIRECCI\u00d3 EDITORIAL DE L&#8217;\u00c0REA INFANTIL I JUVENIL DEL GRUP 62"},"content":{"rendered":"<p>L&#8217;editora tamb\u00e9 liderar\u00e0 la Direcci\u00f3 del projecte d&#8217;educaci\u00f3 del Grup.<br \/>Patrizia Campana va entrar al m\u00f3n editorial l&#8217;any 2000, a Destino, i l&#8217;any 2002 va crear el segell Destino Infantil &#038; Juvenil. El 2004 va passar a Columna com a editora de llibres de no ficci\u00f3 i ficci\u00f3 internacional. En el 2008 va passar al Grup 62 com a responsable de l&#8217;\u00c0rea Infantil\/Juvenil i Educaci\u00f3, on va crear els segells Estrella Polar i Educaula.<\/p>\n","protected":false},"excerpt":{"rendered":"<p>L&#8217;editora tamb\u00e9 liderar\u00e0 la Direcci\u00f3 del projecte d&#8217;educaci\u00f3 del Grup.Patrizia Campana va entrar al m\u00f3n editorial l&#8217;any 2000, a Destino, i l&#8217;any 2002 va crear el segell Destino Infantil &#038; Juvenil. El 2004 va passar a Columna com a editora de llibres de no ficci\u00f3 i ficci\u00f3 internacional. En el 2008 va passar al Grup [&hellip;]<\/p>\n","protected":false},"author":3,"featured_media":1526,"comment_status":"closed","ping_status":"open","sticky":false,"template":"","format":"standard","meta":{"_acf_changed":false,"rs_blank_template":"","rs_page_bg_color":"","slide_template_v7":"","inline_featured_image":false,"_monsterinsights_skip_tracking":false,"footnotes":""},"categories":[268],"tags":[],"class_list":["post-3999","post","type-post","status-publish","format-standard","has-post-thumbnail","hentry","category-uncategorized"],"acf":{"photo_gallery":{"galeria":[[]]}},"_links":{"self":[{"href":"https:\/\/www.ibbycat.cat\/es\/wp-json\/wp\/v2\/posts\/3999","targetHints":{"allow":["GET"]}}],"collection":[{"href":"https:\/\/www.ibbycat.cat\/es\/wp-json\/wp\/v2\/posts"}],"about":[{"href":"https:\/\/www.ibbycat.cat\/es\/wp-json\/wp\/v2\/types\/post"}],"author":[{"embeddable":true,"href":"https:\/\/www.ibbycat.cat\/es\/wp-json\/wp\/v2\/users\/3"}],"replies":[{"embeddable":true,"href":"https:\/\/www.ibbycat.cat\/es\/wp-json\/wp\/v2\/comments?post=3999"}],"version-history":[{"count":1,"href":"https:\/\/www.ibbycat.cat\/es\/wp-json\/wp\/v2\/posts\/3999\/revisions"}],"predecessor-version":[{"id":20070,"href":"https:\/\/www.ibbycat.cat\/es\/wp-json\/wp\/v2\/posts\/3999\/revisions\/20070"}],"wp:featuredmedia":[{"embeddable":true,"href":"https:\/\/www.ibbycat.cat\/es\/wp-json\/wp\/v2\/media\/1526"}],"wp:attachment":[{"href":"https:\/\/www.ibbycat.cat\/es\/wp-json\/wp\/v2\/media?parent=3999"}],"wp:term":[{"taxonomy":"category","embeddable":true,"href":"https:\/\/www.ibbycat.cat\/es\/wp-json\/wp\/v2\/categories?post=3999"},{"taxonomy":"post_tag","embeddable":true,"href":"https:\/\/www.ibbycat.cat\/es\/wp-json\/wp\/v2\/tags?post=3999"}],"curies":[{"name":"wp","href":"https:\/\/api.w.org\/{rel}","templated":true}]}}