{"id":4025,"date":"2011-03-10T00:00:00","date_gmt":"2011-03-09T23:00:00","guid":{"rendered":"https:\/\/www.ibbycat.cat\/taro-gomi-convidat-a-mon-llibre\/"},"modified":"2024-01-18T16:06:57","modified_gmt":"2024-01-18T15:06:57","slug":"taro-gomi-convidat-a-mon-llibre","status":"publish","type":"post","link":"https:\/\/www.ibbycat.cat\/es\/taro-gomi-convidat-a-mon-llibre\/","title":{"rendered":"TARO GOMI CONVIDAT A M\u00d3N LLIBRE"},"content":{"rendered":"<p>Els dies <strong>9 i 10 d&#8217;abril<\/strong> se celebra <strong>M\u00f3n Llibre<\/strong>, un festival de literatura infantil, adre\u00e7at a nenes i nens de <strong>fins a 12 anys<\/strong>.<br \/>M\u00f3n Llibre rebr\u00e0 enguany, entre els molts escriptors, il\u00b7lustradors i artistes convitats, l&#8217;<strong>il\u00b7lustrador japon\u00e8s Taro Gomi.<\/strong><br \/>Hi haur\u00e0 un espai per als nadons \u00abNascuts per Llegir\u00bb i un altre exclusiu per al m\u00e9s grans de 9 anys.<br \/>Si porteu un llibre el podreu canviar al<strong> Mercat d&#8217;Intercanvi<\/strong> de M\u00f3n Llibre.<\/p>\n","protected":false},"excerpt":{"rendered":"<p>Els dies 9 i 10 d&#8217;abril se celebra M\u00f3n Llibre, un festival de literatura infantil, adre\u00e7at a nenes i nens de fins a 12 anys.M\u00f3n Llibre rebr\u00e0 enguany, entre els molts escriptors, il\u00b7lustradors i artistes convitats, l&#8217;il\u00b7lustrador japon\u00e8s Taro Gomi.Hi haur\u00e0 un espai per als nadons \u00abNascuts per Llegir\u00bb i un altre exclusiu per al [&hellip;]<\/p>\n","protected":false},"author":3,"featured_media":1570,"comment_status":"closed","ping_status":"open","sticky":false,"template":"","format":"standard","meta":{"_acf_changed":false,"rs_blank_template":"","rs_page_bg_color":"","slide_template_v7":"","inline_featured_image":false,"_monsterinsights_skip_tracking":false,"footnotes":""},"categories":[268],"tags":[],"class_list":["post-4025","post","type-post","status-publish","format-standard","has-post-thumbnail","hentry","category-uncategorized"],"acf":{"photo_gallery":{"galeria":[[]]}},"_links":{"self":[{"href":"https:\/\/www.ibbycat.cat\/es\/wp-json\/wp\/v2\/posts\/4025","targetHints":{"allow":["GET"]}}],"collection":[{"href":"https:\/\/www.ibbycat.cat\/es\/wp-json\/wp\/v2\/posts"}],"about":[{"href":"https:\/\/www.ibbycat.cat\/es\/wp-json\/wp\/v2\/types\/post"}],"author":[{"embeddable":true,"href":"https:\/\/www.ibbycat.cat\/es\/wp-json\/wp\/v2\/users\/3"}],"replies":[{"embeddable":true,"href":"https:\/\/www.ibbycat.cat\/es\/wp-json\/wp\/v2\/comments?post=4025"}],"version-history":[{"count":1,"href":"https:\/\/www.ibbycat.cat\/es\/wp-json\/wp\/v2\/posts\/4025\/revisions"}],"predecessor-version":[{"id":20096,"href":"https:\/\/www.ibbycat.cat\/es\/wp-json\/wp\/v2\/posts\/4025\/revisions\/20096"}],"wp:featuredmedia":[{"embeddable":true,"href":"https:\/\/www.ibbycat.cat\/es\/wp-json\/wp\/v2\/media\/1570"}],"wp:attachment":[{"href":"https:\/\/www.ibbycat.cat\/es\/wp-json\/wp\/v2\/media?parent=4025"}],"wp:term":[{"taxonomy":"category","embeddable":true,"href":"https:\/\/www.ibbycat.cat\/es\/wp-json\/wp\/v2\/categories?post=4025"},{"taxonomy":"post_tag","embeddable":true,"href":"https:\/\/www.ibbycat.cat\/es\/wp-json\/wp\/v2\/tags?post=4025"}],"curies":[{"name":"wp","href":"https:\/\/api.w.org\/{rel}","templated":true}]}}