{"id":4068,"date":"2010-12-12T00:00:00","date_gmt":"2010-12-11T23:00:00","guid":{"rendered":"https:\/\/www.ibbycat.cat\/pro3\/"},"modified":"2024-01-18T16:07:16","modified_gmt":"2024-01-18T15:07:16","slug":"pro3","status":"publish","type":"post","link":"https:\/\/www.ibbycat.cat\/es\/pro3\/","title":{"rendered":"pro3"},"content":{"rendered":"<p style=\"padding-left: 30px;\">PREMIOS LAZARILLO 2010   \tEste prestigioso galard\u00f3n, el m\u00e1s antiguo en la literatura infantil y juvenil, fue convocado por el extinguido Instituto Nacional del Libro Espa\u00f1ol en el a\u00f1o 1958 con el fin de estimular la creaci\u00f3n de buenos libros para ni\u00f1os y j\u00f3venes. Desde el a\u00f1o 1986 es la Organizaci\u00f3n Espa\u00f1ola para el Libro Infantil y Juvenil (OEPLI) la encargada de convocarlos anualmente, con el patrocinio del Ministerio Cultura, en sus dos modalidades: \u201cAlbum Ilustrado\u201d y \u00a8Creaci\u00f3n literaria\u00a8. La dotaci\u00f3n de cada uno de los premios es de 8.000 euros.  \tEl acto de entrega de los diplomas y premios tendr\u00e1 lugar en el marco del XXXIV  Sal\u00f3n del Libro Infantil y Juvenil de Madrid, el d\u00eda 11 de diciembre, a las 12,00h en el Centro Cultural Galileo. c\/ Galileo 39   PREMIO \u00abLAZARILLO 2010\u00bb DE CREACI\u00d3N LITERARIA  Se fall\u00f3 el d\u00eda 26 de Noviembre. El Jurado estuvo presidido por D\u00aa Sara Monreo Valc\u00e1cerl, Vicepresidenta de OEPLI y en representaic\u00f3n de la Presidenta D\u00ba M\u00ba Jes\u00fas Gil, e integrado por  D\u00aa Marta Mart\u00ed, D\u00aa Paloma de Miguel, D. Ignacio Chao, D\u00ba Marta Mart\u00ed y D. Mikel Ayerbe. Actu\u00f3 como secretaria del mismo, sin voz ni voto, D\u00aa Ana Cend\u00e1n, Secretaria  T\u00e9cnica de  la OEPLI.  Optaron al premio un total de 53 obras,  de las cuales 38 son en narrativa , 12 en poes\u00eda y 3 en teatro.  De todas ellas, se presentan 40 en castellano, 6  en catal\u00e1n,  6 en gallego  y 1 en euskera.<\/p>\n","protected":false},"excerpt":{"rendered":"<p>PREMIOS LAZARILLO 2010 Este prestigioso galard\u00f3n, el m\u00e1s antiguo en la literatura infantil y juvenil, fue convocado por el extinguido Instituto Nacional del Libro Espa\u00f1ol en el a\u00f1o 1958 con el fin de estimular la creaci\u00f3n de buenos libros para ni\u00f1os y j\u00f3venes. Desde el a\u00f1o 1986 es la Organizaci\u00f3n Espa\u00f1ola para el Libro Infantil [&hellip;]<\/p>\n","protected":false},"author":3,"featured_media":1646,"comment_status":"closed","ping_status":"open","sticky":false,"template":"","format":"standard","meta":{"_acf_changed":false,"inline_featured_image":false,"_monsterinsights_skip_tracking":false,"footnotes":""},"categories":[268],"tags":[],"class_list":["post-4068","post","type-post","status-publish","format-standard","has-post-thumbnail","hentry","category-uncategorized"],"acf":{"photo_gallery":{"galeria":[[]]}},"_links":{"self":[{"href":"https:\/\/www.ibbycat.cat\/es\/wp-json\/wp\/v2\/posts\/4068","targetHints":{"allow":["GET"]}}],"collection":[{"href":"https:\/\/www.ibbycat.cat\/es\/wp-json\/wp\/v2\/posts"}],"about":[{"href":"https:\/\/www.ibbycat.cat\/es\/wp-json\/wp\/v2\/types\/post"}],"author":[{"embeddable":true,"href":"https:\/\/www.ibbycat.cat\/es\/wp-json\/wp\/v2\/users\/3"}],"replies":[{"embeddable":true,"href":"https:\/\/www.ibbycat.cat\/es\/wp-json\/wp\/v2\/comments?post=4068"}],"version-history":[{"count":1,"href":"https:\/\/www.ibbycat.cat\/es\/wp-json\/wp\/v2\/posts\/4068\/revisions"}],"predecessor-version":[{"id":5399,"href":"https:\/\/www.ibbycat.cat\/es\/wp-json\/wp\/v2\/posts\/4068\/revisions\/5399"}],"wp:featuredmedia":[{"embeddable":true,"href":"https:\/\/www.ibbycat.cat\/es\/wp-json\/wp\/v2\/media\/1646"}],"wp:attachment":[{"href":"https:\/\/www.ibbycat.cat\/es\/wp-json\/wp\/v2\/media?parent=4068"}],"wp:term":[{"taxonomy":"category","embeddable":true,"href":"https:\/\/www.ibbycat.cat\/es\/wp-json\/wp\/v2\/categories?post=4068"},{"taxonomy":"post_tag","embeddable":true,"href":"https:\/\/www.ibbycat.cat\/es\/wp-json\/wp\/v2\/tags?post=4068"}],"curies":[{"name":"wp","href":"https:\/\/api.w.org\/{rel}","templated":true}]}}