{"id":4111,"date":"2012-06-12T00:00:00","date_gmt":"2012-06-11T22:00:00","guid":{"rendered":"https:\/\/www.ibbycat.cat\/any-pilarin-bayes-a-catalunya-2011-2012\/"},"modified":"2024-01-18T16:07:32","modified_gmt":"2024-01-18T15:07:32","slug":"any-pilarin-bayes-a-catalunya-2011-2012","status":"publish","type":"post","link":"https:\/\/www.ibbycat.cat\/es\/any-pilarin-bayes-a-catalunya-2011-2012\/","title":{"rendered":"Any Pilarin Bay\u00e9s a Catalunya 2011-2012"},"content":{"rendered":"<p>El Departament d&#8217;Ensenyament convida els centres docents a participar, amb el seu alumnat, a la commemoraci\u00f3 de l&#8217;<strong>Any Pilarin Bay\u00e9s<\/strong>. Proposen llegir unes rondalles, que els nens i nenes les il\u00b7lustrin i enviar-les en format pdf a: anypilarin@xtec.cat.<\/p>\n<p>A <strong>partir del 19 d&#8217;abril<\/strong> es podr\u00e0 visitar l&#8217;<strong>exposici\u00f3, sobre la Pilarin<\/strong>, que hi haur\u00e0 al <strong>Palau Robert <\/strong>de Barcelona. Els centres interessats poden <strong>concertar la visita<\/strong> a trav\u00e9s del <strong>tel\u00e8fon 670 036 081.<\/strong><\/p>\n<p>\u00a0<\/p>\n<p>\u00a0<\/p>\n","protected":false},"excerpt":{"rendered":"<p>El Departament d&#8217;Ensenyament convida els centres docents a participar, amb el seu alumnat, a la commemoraci\u00f3 de l&#8217;Any Pilarin Bay\u00e9s. Proposen llegir unes rondalles, que els nens i nenes les il\u00b7lustrin i enviar-les en format pdf a: anypilarin@xtec.cat. A partir del 19 d&#8217;abril es podr\u00e0 visitar l&#8217;exposici\u00f3, sobre la Pilarin, que hi haur\u00e0 al Palau [&hellip;]<\/p>\n","protected":false},"author":3,"featured_media":1726,"comment_status":"closed","ping_status":"open","sticky":false,"template":"","format":"standard","meta":{"_acf_changed":false,"rs_blank_template":"","rs_page_bg_color":"","slide_template_v7":"","inline_featured_image":false,"_monsterinsights_skip_tracking":false,"footnotes":""},"categories":[268],"tags":[],"class_list":["post-4111","post","type-post","status-publish","format-standard","has-post-thumbnail","hentry","category-uncategorized"],"acf":{"photo_gallery":{"galeria":[[]]}},"_links":{"self":[{"href":"https:\/\/www.ibbycat.cat\/es\/wp-json\/wp\/v2\/posts\/4111","targetHints":{"allow":["GET"]}}],"collection":[{"href":"https:\/\/www.ibbycat.cat\/es\/wp-json\/wp\/v2\/posts"}],"about":[{"href":"https:\/\/www.ibbycat.cat\/es\/wp-json\/wp\/v2\/types\/post"}],"author":[{"embeddable":true,"href":"https:\/\/www.ibbycat.cat\/es\/wp-json\/wp\/v2\/users\/3"}],"replies":[{"embeddable":true,"href":"https:\/\/www.ibbycat.cat\/es\/wp-json\/wp\/v2\/comments?post=4111"}],"version-history":[{"count":1,"href":"https:\/\/www.ibbycat.cat\/es\/wp-json\/wp\/v2\/posts\/4111\/revisions"}],"predecessor-version":[{"id":20169,"href":"https:\/\/www.ibbycat.cat\/es\/wp-json\/wp\/v2\/posts\/4111\/revisions\/20169"}],"wp:featuredmedia":[{"embeddable":true,"href":"https:\/\/www.ibbycat.cat\/es\/wp-json\/wp\/v2\/media\/1726"}],"wp:attachment":[{"href":"https:\/\/www.ibbycat.cat\/es\/wp-json\/wp\/v2\/media?parent=4111"}],"wp:term":[{"taxonomy":"category","embeddable":true,"href":"https:\/\/www.ibbycat.cat\/es\/wp-json\/wp\/v2\/categories?post=4111"},{"taxonomy":"post_tag","embeddable":true,"href":"https:\/\/www.ibbycat.cat\/es\/wp-json\/wp\/v2\/tags?post=4111"}],"curies":[{"name":"wp","href":"https:\/\/api.w.org\/{rel}","templated":true}]}}