{"id":4119,"date":"2012-04-25T00:00:00","date_gmt":"2012-04-24T22:00:00","guid":{"rendered":"https:\/\/www.ibbycat.cat\/avancem-la-festa-del-llibre-en-set-hospitals-catalans\/"},"modified":"2024-01-18T16:07:34","modified_gmt":"2024-01-18T15:07:34","slug":"avancem-la-festa-del-llibre-en-set-hospitals-catalans","status":"publish","type":"post","link":"https:\/\/www.ibbycat.cat\/es\/avancem-la-festa-del-llibre-en-set-hospitals-catalans\/","title":{"rendered":"Avancem la FESTA DEL LLIBRE en set hospitals catalans"},"content":{"rendered":"<p><strong>19 D&#8217;ABRIL. Avui estem celebrant el Dia del Llibre en set hospitals catalans<\/strong>: Sant Pau, Sant Joan de D\u00e9u, Cl\u00ednic, del Mar, Vall d&#8217;Hebron, Germans Trias i Pujol i Parc Taul\u00ed de Sabadell.<\/p>\n<p>Moltes gr\u00e0cies a tots els autors i autores que hi han participat tant generosament: <strong>Merc\u00e8 Ar\u00e0nega, Marta Balaguer, Teresa Blanch, \u00c0ngel Burgas, Aleix Cabrera, Maite Carranza, Rosa Ma. Curto, Antoni Dalmases, Teresa Duran, Asun Esteban, Anna Gasol, Gabriel Garcia de Oro, Carlota Goyta, Pau-Joan Hern\u00e0ndez, Xavier Hern\u00e0ndez, Alegria Juli\u00e0, Gemma Lienas, Francesc Miralles, Pep Montserrat, M. Carme Roca, Gemma Sales, Care Santos, Eul\u00e0lia Sariola, Jordi Sierra i Fabra, i Emili Teixidor<\/strong>. Sense vosaltres no hauria esta possible.<\/p>\n<p>Tamb\u00e9 agra\u00efm la col\u00b7laboraci\u00f3 de les editorials que han cedit als autors alguns del seus llibres.<\/p>\n<p>Aquest \u00e9s el quart any que ho celebrem. <strong>Una idea d&#8217;en Jordi Sierra i Fabra que coordina i gestiona el ClijCAT.<\/strong><\/p>\n<p>\u00a0<\/p>\n","protected":false},"excerpt":{"rendered":"<p>19 D&#8217;ABRIL. Avui estem celebrant el Dia del Llibre en set hospitals catalans: Sant Pau, Sant Joan de D\u00e9u, Cl\u00ednic, del Mar, Vall d&#8217;Hebron, Germans Trias i Pujol i Parc Taul\u00ed de Sabadell. Moltes gr\u00e0cies a tots els autors i autores que hi han participat tant generosament: Merc\u00e8 Ar\u00e0nega, Marta Balaguer, Teresa Blanch, \u00c0ngel Burgas, [&hellip;]<\/p>\n","protected":false},"author":3,"featured_media":1741,"comment_status":"closed","ping_status":"open","sticky":false,"template":"","format":"standard","meta":{"_acf_changed":false,"rs_blank_template":"","rs_page_bg_color":"","slide_template_v7":"","inline_featured_image":false,"_monsterinsights_skip_tracking":false,"footnotes":""},"categories":[268],"tags":[],"class_list":["post-4119","post","type-post","status-publish","format-standard","has-post-thumbnail","hentry","category-uncategorized"],"acf":{"photo_gallery":{"galeria":[[]]}},"_links":{"self":[{"href":"https:\/\/www.ibbycat.cat\/es\/wp-json\/wp\/v2\/posts\/4119","targetHints":{"allow":["GET"]}}],"collection":[{"href":"https:\/\/www.ibbycat.cat\/es\/wp-json\/wp\/v2\/posts"}],"about":[{"href":"https:\/\/www.ibbycat.cat\/es\/wp-json\/wp\/v2\/types\/post"}],"author":[{"embeddable":true,"href":"https:\/\/www.ibbycat.cat\/es\/wp-json\/wp\/v2\/users\/3"}],"replies":[{"embeddable":true,"href":"https:\/\/www.ibbycat.cat\/es\/wp-json\/wp\/v2\/comments?post=4119"}],"version-history":[{"count":1,"href":"https:\/\/www.ibbycat.cat\/es\/wp-json\/wp\/v2\/posts\/4119\/revisions"}],"predecessor-version":[{"id":14805,"href":"https:\/\/www.ibbycat.cat\/es\/wp-json\/wp\/v2\/posts\/4119\/revisions\/14805"}],"wp:featuredmedia":[{"embeddable":true,"href":"https:\/\/www.ibbycat.cat\/es\/wp-json\/wp\/v2\/media\/1741"}],"wp:attachment":[{"href":"https:\/\/www.ibbycat.cat\/es\/wp-json\/wp\/v2\/media?parent=4119"}],"wp:term":[{"taxonomy":"category","embeddable":true,"href":"https:\/\/www.ibbycat.cat\/es\/wp-json\/wp\/v2\/categories?post=4119"},{"taxonomy":"post_tag","embeddable":true,"href":"https:\/\/www.ibbycat.cat\/es\/wp-json\/wp\/v2\/tags?post=4119"}],"curies":[{"name":"wp","href":"https:\/\/api.w.org\/{rel}","templated":true}]}}