{"id":4143,"date":"2012-09-05T00:00:00","date_gmt":"2012-09-04T22:00:00","guid":{"rendered":"https:\/\/www.ibbycat.cat\/hola\/"},"modified":"2024-01-18T16:07:42","modified_gmt":"2024-01-18T15:07:42","slug":"hola","status":"publish","type":"post","link":"https:\/\/www.ibbycat.cat\/es\/hola\/","title":{"rendered":"hola"},"content":{"rendered":"<p>El proper 1<strong>8 de setembre, a dos quarts de set de la tarda<\/strong>, s\\\\\\\\\\\\\\&#8217;inaugurar\u00e0 a la Sala Ciutat (carrer Ciutat, 8 de Barcelona), la nova exposici\u00f3 de Pilar\u00edn Bay\u00e9s <strong><em>\\\\\\\\\\\\\\\u00bbPilar\u00edn i Barcelona\\\\\\\\\\\\\\\u00bb<\/em><\/strong>. Durant l\\\\\\\\\\\\\\&#8217;acte es presentar\u00e0 el llibre de l\\\\\\\\\\\\\\&#8217;autora<strong><em>Petita hist\u00f2ria de Barcelona<\/em><\/strong>.<\/p>\n<p>El proper <strong>1<\/strong><strong>8 de setembre, a dos quarts de set de la tarda<\/strong>, s&#8217;inaugurar\u00e0 a la Sala Ciutat (carrer Ciutat, 8 de Barcelona), la nova exposici\u00f3 de Pilar\u00edn Bay\u00e9s \u00ab<strong><em>Pilar\u00edn i Barcelona\u00bb<\/em><\/strong>. Durant l&#8217;acte es presentar\u00e0 el llibre de l&#8217;autora <strong><em>Petita hist\u00f2ria de Barcelona<\/em><\/strong>.<\/p>\n","protected":false},"excerpt":{"rendered":"<p>El proper 18 de setembre, a dos quarts de set de la tarda, s\\\\\\\\\\\\\\&#8217;inaugurar\u00e0 a la Sala Ciutat (carrer Ciutat, 8 de Barcelona), la nova exposici\u00f3 de Pilar\u00edn Bay\u00e9s \\\\\\\\\\\\\\\u00bbPilar\u00edn i Barcelona\\\\\\\\\\\\\\\u00bb. Durant l\\\\\\\\\\\\\\&#8217;acte es presentar\u00e0 el llibre de l\\\\\\\\\\\\\\&#8217;autoraPetita hist\u00f2ria de Barcelona. El proper 18 de setembre, a dos quarts de set de la [&hellip;]<\/p>\n","protected":false},"author":3,"featured_media":1786,"comment_status":"closed","ping_status":"open","sticky":false,"template":"","format":"standard","meta":{"_acf_changed":false,"rs_blank_template":"","rs_page_bg_color":"","slide_template_v7":"","inline_featured_image":false,"_monsterinsights_skip_tracking":false,"footnotes":""},"categories":[268],"tags":[],"class_list":["post-4143","post","type-post","status-publish","format-standard","has-post-thumbnail","hentry","category-uncategorized"],"acf":{"photo_gallery":{"galeria":[[]]}},"_links":{"self":[{"href":"https:\/\/www.ibbycat.cat\/es\/wp-json\/wp\/v2\/posts\/4143","targetHints":{"allow":["GET"]}}],"collection":[{"href":"https:\/\/www.ibbycat.cat\/es\/wp-json\/wp\/v2\/posts"}],"about":[{"href":"https:\/\/www.ibbycat.cat\/es\/wp-json\/wp\/v2\/types\/post"}],"author":[{"embeddable":true,"href":"https:\/\/www.ibbycat.cat\/es\/wp-json\/wp\/v2\/users\/3"}],"replies":[{"embeddable":true,"href":"https:\/\/www.ibbycat.cat\/es\/wp-json\/wp\/v2\/comments?post=4143"}],"version-history":[{"count":1,"href":"https:\/\/www.ibbycat.cat\/es\/wp-json\/wp\/v2\/posts\/4143\/revisions"}],"predecessor-version":[{"id":20197,"href":"https:\/\/www.ibbycat.cat\/es\/wp-json\/wp\/v2\/posts\/4143\/revisions\/20197"}],"wp:featuredmedia":[{"embeddable":true,"href":"https:\/\/www.ibbycat.cat\/es\/wp-json\/wp\/v2\/media\/1786"}],"wp:attachment":[{"href":"https:\/\/www.ibbycat.cat\/es\/wp-json\/wp\/v2\/media?parent=4143"}],"wp:term":[{"taxonomy":"category","embeddable":true,"href":"https:\/\/www.ibbycat.cat\/es\/wp-json\/wp\/v2\/categories?post=4143"},{"taxonomy":"post_tag","embeddable":true,"href":"https:\/\/www.ibbycat.cat\/es\/wp-json\/wp\/v2\/tags?post=4143"}],"curies":[{"name":"wp","href":"https:\/\/api.w.org\/{rel}","templated":true}]}}