{"id":4150,"date":"2012-10-20T00:00:00","date_gmt":"2012-10-19T22:00:00","guid":{"rendered":"https:\/\/www.ibbycat.cat\/la-pagina-escrita\/"},"modified":"2024-01-18T16:07:46","modified_gmt":"2024-01-18T15:07:46","slug":"la-pagina-escrita","status":"publish","type":"post","link":"https:\/\/www.ibbycat.cat\/es\/la-pagina-escrita\/","title":{"rendered":"LA P\u00c1GINA ESCRITA"},"content":{"rendered":"<p><p>La <strong>Fundaci\u00f3 Jordi Sierra i Fabra de Barcelona<\/strong> i la <strong>Fundaci\u00f3n Taller de Letras Jordi Sierra i Fabra de Medell\u00edn<\/strong> (Colombia) presenten el n\u00famero 1 de la seva revista virtual <strong><em>La Palabra Escrita.<\/em><\/strong><br \/>La publicaci\u00f3, de car\u00e0cter trimestral i escrita en castell\u00e0 per la seva estreta vinculaci\u00f3 amb \u00c0merica Llatina, \u00e9s pot descarregar gratu\u00eftament i est\u00e0 adre\u00e7ada a tots aquells joves interessats en l&#8217;ofici d&#8217;escriptor\/a per\u00f2 tamb\u00e9 a mestres, bibliotecaris, educadors, etc.<br \/>La<strong> il\u00b7lustraci\u00f3 de la portada<\/strong> d&#8217;aquest primer n\u00famero \u00e9s d&#8217;<strong>Ignasi Blanch <\/strong>que \u00e9s entrevistat a l&#8217;interior. Tamb\u00e9 hi ha una entrevista a l&#8217;escriptora valenciana <strong>Laura Gallego<\/strong> i a l&#8217;escriptor mexic\u00e0 <strong>Juan Villoro.<\/strong><\/p><\/p>\n","protected":false},"excerpt":{"rendered":"<p>La Fundaci\u00f3 Jordi Sierra i Fabra de Barcelona i la Fundaci\u00f3n Taller de Letras Jordi Sierra i Fabra de Medell\u00edn (Colombia) presenten el n\u00famero 1 de la seva revista virtual La Palabra Escrita.La publicaci\u00f3, de car\u00e0cter trimestral i escrita en castell\u00e0 per la seva estreta vinculaci\u00f3 amb \u00c0merica Llatina, \u00e9s pot descarregar gratu\u00eftament i est\u00e0 [&hellip;]<\/p>\n","protected":false},"author":3,"featured_media":1798,"comment_status":"closed","ping_status":"open","sticky":false,"template":"","format":"standard","meta":{"_acf_changed":false,"rs_blank_template":"","rs_page_bg_color":"","slide_template_v7":"","inline_featured_image":false,"_monsterinsights_skip_tracking":false,"footnotes":""},"categories":[268],"tags":[],"class_list":["post-4150","post","type-post","status-publish","format-standard","has-post-thumbnail","hentry","category-uncategorized"],"acf":{"photo_gallery":{"galeria":[[]]}},"_links":{"self":[{"href":"https:\/\/www.ibbycat.cat\/es\/wp-json\/wp\/v2\/posts\/4150","targetHints":{"allow":["GET"]}}],"collection":[{"href":"https:\/\/www.ibbycat.cat\/es\/wp-json\/wp\/v2\/posts"}],"about":[{"href":"https:\/\/www.ibbycat.cat\/es\/wp-json\/wp\/v2\/types\/post"}],"author":[{"embeddable":true,"href":"https:\/\/www.ibbycat.cat\/es\/wp-json\/wp\/v2\/users\/3"}],"replies":[{"embeddable":true,"href":"https:\/\/www.ibbycat.cat\/es\/wp-json\/wp\/v2\/comments?post=4150"}],"version-history":[{"count":1,"href":"https:\/\/www.ibbycat.cat\/es\/wp-json\/wp\/v2\/posts\/4150\/revisions"}],"predecessor-version":[{"id":20203,"href":"https:\/\/www.ibbycat.cat\/es\/wp-json\/wp\/v2\/posts\/4150\/revisions\/20203"}],"wp:featuredmedia":[{"embeddable":true,"href":"https:\/\/www.ibbycat.cat\/es\/wp-json\/wp\/v2\/media\/1798"}],"wp:attachment":[{"href":"https:\/\/www.ibbycat.cat\/es\/wp-json\/wp\/v2\/media?parent=4150"}],"wp:term":[{"taxonomy":"category","embeddable":true,"href":"https:\/\/www.ibbycat.cat\/es\/wp-json\/wp\/v2\/categories?post=4150"},{"taxonomy":"post_tag","embeddable":true,"href":"https:\/\/www.ibbycat.cat\/es\/wp-json\/wp\/v2\/tags?post=4150"}],"curies":[{"name":"wp","href":"https:\/\/api.w.org\/{rel}","templated":true}]}}