{"id":4172,"date":"2012-12-16T00:00:00","date_gmt":"2012-12-15T23:00:00","guid":{"rendered":"https:\/\/www.ibbycat.cat\/ramon-trigo-guanya-el-premi-lazarillo-2012-album-illustrat\/"},"modified":"2024-01-18T16:07:54","modified_gmt":"2024-01-18T15:07:54","slug":"ramon-trigo-guanya-el-premi-lazarillo-2012-album-illustrat","status":"publish","type":"post","link":"https:\/\/www.ibbycat.cat\/es\/ramon-trigo-guanya-el-premi-lazarillo-2012-album-illustrat\/","title":{"rendered":"Ram\u00f3n Trigo guanya el Premi Lazarillo 2012 \u00c0lbum Il\u00b7lustrat"},"content":{"rendered":"<p><p class=\"MsoNormal\"><strong style=\"mso-bidi-font-weight: normal;\">Ram\u00f3n Trigo<\/strong> (Vigo, Pontevedra, 1965) ha estat el guanyador del <strong style=\"mso-bidi-font-weight: normal;\">Premi Lazarillo 2012 \u00c0lbum il\u00b7lustrat <\/strong>amb l\u2019obra <strong style=\"mso-bidi-font-weight: normal;\"><em style=\"mso-bidi-font-style: normal;\">Leviat\u00e1n<\/em><\/strong>.<\/p>\n<p class=\"MsoNormal\">Ramon Trigo, als 18 anys, va publicar els seus primers treballs com a il\u00b7lustrador i escriptor de c\u00f2mic en diaris i publicacions gallegues. Entre 1986 i 1987 realitz\u00e0 les seves primeres il\u00b7lustracions per a llibres i des de llavors alterna la seva activitat com a il\u00b7lustrador i escriptor amb la pintura i l\u2019escultura.<\/p>\n<p class=\"MsoNormal\">Ha rebut, entre d&#8217;altres, el Premi de C\u00f2mic de la Diputaci\u00f3 de Conca (1998), el Premi d&#8217;\u00c0lbum Il\u00b7lustrat Ciutat d&#8217;Alacant (2005) i el Premi d&#8217;\u00c0lbum Il\u00b7lustrat Cabildo de Gran Can\u00e0ria (2007).<\/p>\n<p class=\"MsoNormal\">Dels seus llibres m\u00e9s recents, com a il\u00b7lustrador, destaquen: <strong style=\"mso-bidi-font-weight: normal;\"><em style=\"mso-bidi-font-style: normal;\">O pintor do sombreiro de malves<\/em><\/strong> (Xerais, 2010), <strong style=\"mso-bidi-font-weight: normal;\"><em style=\"mso-bidi-font-style: normal;\">El Samurai del Re<\/em><\/strong><strong><em>i<\/em><\/strong>, (Edelvives, 2011) i <strong style=\"mso-bidi-font-weight: normal;\"><em style=\"mso-bidi-font-style: normal;\">Palabras de agua<\/em><\/strong> (Xerais, 2012).<\/p><\/p>\n","protected":false},"excerpt":{"rendered":"<p>Ram\u00f3n Trigo (Vigo, Pontevedra, 1965) ha estat el guanyador del Premi Lazarillo 2012 \u00c0lbum il\u00b7lustrat amb l\u2019obra Leviat\u00e1n. Ramon Trigo, als 18 anys, va publicar els seus primers treballs com a il\u00b7lustrador i escriptor de c\u00f2mic en diaris i publicacions gallegues. Entre 1986 i 1987 realitz\u00e0 les seves primeres il\u00b7lustracions per a llibres i des [&hellip;]<\/p>\n","protected":false},"author":3,"featured_media":1840,"comment_status":"closed","ping_status":"open","sticky":false,"template":"","format":"standard","meta":{"_acf_changed":false,"inline_featured_image":false,"_monsterinsights_skip_tracking":false,"footnotes":""},"categories":[268],"tags":[],"class_list":["post-4172","post","type-post","status-publish","format-standard","has-post-thumbnail","hentry","category-uncategorized"],"acf":{"photo_gallery":{"galeria":[[]]}},"_links":{"self":[{"href":"https:\/\/www.ibbycat.cat\/es\/wp-json\/wp\/v2\/posts\/4172","targetHints":{"allow":["GET"]}}],"collection":[{"href":"https:\/\/www.ibbycat.cat\/es\/wp-json\/wp\/v2\/posts"}],"about":[{"href":"https:\/\/www.ibbycat.cat\/es\/wp-json\/wp\/v2\/types\/post"}],"author":[{"embeddable":true,"href":"https:\/\/www.ibbycat.cat\/es\/wp-json\/wp\/v2\/users\/3"}],"replies":[{"embeddable":true,"href":"https:\/\/www.ibbycat.cat\/es\/wp-json\/wp\/v2\/comments?post=4172"}],"version-history":[{"count":1,"href":"https:\/\/www.ibbycat.cat\/es\/wp-json\/wp\/v2\/posts\/4172\/revisions"}],"predecessor-version":[{"id":20224,"href":"https:\/\/www.ibbycat.cat\/es\/wp-json\/wp\/v2\/posts\/4172\/revisions\/20224"}],"wp:featuredmedia":[{"embeddable":true,"href":"https:\/\/www.ibbycat.cat\/es\/wp-json\/wp\/v2\/media\/1840"}],"wp:attachment":[{"href":"https:\/\/www.ibbycat.cat\/es\/wp-json\/wp\/v2\/media?parent=4172"}],"wp:term":[{"taxonomy":"category","embeddable":true,"href":"https:\/\/www.ibbycat.cat\/es\/wp-json\/wp\/v2\/categories?post=4172"},{"taxonomy":"post_tag","embeddable":true,"href":"https:\/\/www.ibbycat.cat\/es\/wp-json\/wp\/v2\/tags?post=4172"}],"curies":[{"name":"wp","href":"https:\/\/api.w.org\/{rel}","templated":true}]}}