{"id":4203,"date":"2013-05-03T00:00:00","date_gmt":"2013-05-02T22:00:00","guid":{"rendered":"https:\/\/www.ibbycat.cat\/xxix-salo-del-llibre-infantil-i-juvenil-de-catalunya\/"},"modified":"2024-01-18T16:08:04","modified_gmt":"2024-01-18T15:08:04","slug":"xxix-salo-del-llibre-infantil-i-juvenil-de-catalunya","status":"publish","type":"post","link":"https:\/\/www.ibbycat.cat\/es\/xxix-salo-del-llibre-infantil-i-juvenil-de-catalunya\/","title":{"rendered":"XXIX Sal\u00f3 del Llibre Infantil i Juvenil de Catalunya"},"content":{"rendered":"<p><p>Del <strong>23 d&#8217;abril al 3 de maig<\/strong> el <strong>Sal\u00f3 del Llibre Infantil i Juvenil de Catalunya<\/strong> tornar\u00e0 a obrir les seves portes, un any m\u00e9s al Pavello Firal Mollerussa.<br \/><strong>M\u00e9s de 4.500 llibres infantils i juvenils en un espai de 3.000m2!!!!<\/strong> <br \/>El Sal\u00f3 del Llibre Infantil i Juvenil m\u00e9s gran de l&#8217;estat espanyol i l&#8217;\u00fanic, d&#8217;aquestes caracter\u00edstiques, dels Pa\u00efsos Catalans.<\/p>\n<p>US HI ESPEREM!!!!<\/p><\/p>\n","protected":false},"excerpt":{"rendered":"<p>Del 23 d&#8217;abril al 3 de maig el Sal\u00f3 del Llibre Infantil i Juvenil de Catalunya tornar\u00e0 a obrir les seves portes, un any m\u00e9s al Pavello Firal Mollerussa.M\u00e9s de 4.500 llibres infantils i juvenils en un espai de 3.000m2!!!! El Sal\u00f3 del Llibre Infantil i Juvenil m\u00e9s gran de l&#8217;estat espanyol i l&#8217;\u00fanic, d&#8217;aquestes [&hellip;]<\/p>\n","protected":false},"author":3,"featured_media":1895,"comment_status":"closed","ping_status":"open","sticky":false,"template":"","format":"standard","meta":{"_acf_changed":false,"inline_featured_image":false,"_monsterinsights_skip_tracking":false,"footnotes":""},"categories":[268],"tags":[],"class_list":["post-4203","post","type-post","status-publish","format-standard","has-post-thumbnail","hentry","category-uncategorized"],"acf":{"photo_gallery":{"galeria":[[]]}},"_links":{"self":[{"href":"https:\/\/www.ibbycat.cat\/es\/wp-json\/wp\/v2\/posts\/4203","targetHints":{"allow":["GET"]}}],"collection":[{"href":"https:\/\/www.ibbycat.cat\/es\/wp-json\/wp\/v2\/posts"}],"about":[{"href":"https:\/\/www.ibbycat.cat\/es\/wp-json\/wp\/v2\/types\/post"}],"author":[{"embeddable":true,"href":"https:\/\/www.ibbycat.cat\/es\/wp-json\/wp\/v2\/users\/3"}],"replies":[{"embeddable":true,"href":"https:\/\/www.ibbycat.cat\/es\/wp-json\/wp\/v2\/comments?post=4203"}],"version-history":[{"count":1,"href":"https:\/\/www.ibbycat.cat\/es\/wp-json\/wp\/v2\/posts\/4203\/revisions"}],"predecessor-version":[{"id":20249,"href":"https:\/\/www.ibbycat.cat\/es\/wp-json\/wp\/v2\/posts\/4203\/revisions\/20249"}],"wp:featuredmedia":[{"embeddable":true,"href":"https:\/\/www.ibbycat.cat\/es\/wp-json\/wp\/v2\/media\/1895"}],"wp:attachment":[{"href":"https:\/\/www.ibbycat.cat\/es\/wp-json\/wp\/v2\/media?parent=4203"}],"wp:term":[{"taxonomy":"category","embeddable":true,"href":"https:\/\/www.ibbycat.cat\/es\/wp-json\/wp\/v2\/categories?post=4203"},{"taxonomy":"post_tag","embeddable":true,"href":"https:\/\/www.ibbycat.cat\/es\/wp-json\/wp\/v2\/tags?post=4203"}],"curies":[{"name":"wp","href":"https:\/\/api.w.org\/{rel}","templated":true}]}}