{"id":4304,"date":"2014-03-07T00:00:00","date_gmt":"2014-03-06T23:00:00","guid":{"rendered":"https:\/\/www.ibbycat.cat\/vii-premi-internacional-compostela-album-il%c2%b7lustrat\/"},"modified":"2024-01-18T16:08:43","modified_gmt":"2024-01-18T15:08:43","slug":"vii-premi-internacional-compostela-album-il%c2%b7lustrat","status":"publish","type":"post","link":"https:\/\/www.ibbycat.cat\/es\/vii-premi-internacional-compostela-album-il%c2%b7lustrat\/","title":{"rendered":"VII PREMI INTERNACIONAL COMPOSTELA  \u00c0LBUM IL\u00b7LUSTRAT"},"content":{"rendered":"<p><p>El  Departament d\u2019Educaci\u00f3 de l\u2019Ajuntament de Santiago i Kalandraka convoquen el <strong>VII  Premi Internacional Compostel\u00b7la<\/strong> <strong>per a \u00e0lbums il\u00b7lustrats<\/strong>, amb una dotaci\u00f3  econ\u00f2mica \u00fanica de 9.000 euros en concepte d\u2019avan\u00e7ament pels drets d\u2019autor. <br \/><strong>El  termini per presentar treballs finalitza el proper 7 de mar\u00e7<\/strong> i la decisi\u00f3 del  jurat es far\u00e0 p\u00fablica la primera quinzena d&#8217;abril, en el marc del mes del llibre  i de les activitats de la XIV Campanya d&#8217;Animaci\u00f3 a la Lectura de l&#8217;Ajuntament  de Santiago.<\/p><\/p>\n","protected":false},"excerpt":{"rendered":"<p>El Departament d\u2019Educaci\u00f3 de l\u2019Ajuntament de Santiago i Kalandraka convoquen el VII Premi Internacional Compostel\u00b7la per a \u00e0lbums il\u00b7lustrats, amb una dotaci\u00f3 econ\u00f2mica \u00fanica de 9.000 euros en concepte d\u2019avan\u00e7ament pels drets d\u2019autor. El termini per presentar treballs finalitza el proper 7 de mar\u00e7 i la decisi\u00f3 del jurat es far\u00e0 p\u00fablica la primera quinzena [&hellip;]<\/p>\n","protected":false},"author":3,"featured_media":2083,"comment_status":"closed","ping_status":"open","sticky":false,"template":"","format":"standard","meta":{"_acf_changed":false,"inline_featured_image":false,"_monsterinsights_skip_tracking":false,"footnotes":""},"categories":[268],"tags":[],"class_list":["post-4304","post","type-post","status-publish","format-standard","has-post-thumbnail","hentry","category-uncategorized"],"acf":{"photo_gallery":{"galeria":[[]]}},"_links":{"self":[{"href":"https:\/\/www.ibbycat.cat\/es\/wp-json\/wp\/v2\/posts\/4304","targetHints":{"allow":["GET"]}}],"collection":[{"href":"https:\/\/www.ibbycat.cat\/es\/wp-json\/wp\/v2\/posts"}],"about":[{"href":"https:\/\/www.ibbycat.cat\/es\/wp-json\/wp\/v2\/types\/post"}],"author":[{"embeddable":true,"href":"https:\/\/www.ibbycat.cat\/es\/wp-json\/wp\/v2\/users\/3"}],"replies":[{"embeddable":true,"href":"https:\/\/www.ibbycat.cat\/es\/wp-json\/wp\/v2\/comments?post=4304"}],"version-history":[{"count":1,"href":"https:\/\/www.ibbycat.cat\/es\/wp-json\/wp\/v2\/posts\/4304\/revisions"}],"predecessor-version":[{"id":20383,"href":"https:\/\/www.ibbycat.cat\/es\/wp-json\/wp\/v2\/posts\/4304\/revisions\/20383"}],"wp:featuredmedia":[{"embeddable":true,"href":"https:\/\/www.ibbycat.cat\/es\/wp-json\/wp\/v2\/media\/2083"}],"wp:attachment":[{"href":"https:\/\/www.ibbycat.cat\/es\/wp-json\/wp\/v2\/media?parent=4304"}],"wp:term":[{"taxonomy":"category","embeddable":true,"href":"https:\/\/www.ibbycat.cat\/es\/wp-json\/wp\/v2\/categories?post=4304"},{"taxonomy":"post_tag","embeddable":true,"href":"https:\/\/www.ibbycat.cat\/es\/wp-json\/wp\/v2\/tags?post=4304"}],"curies":[{"name":"wp","href":"https:\/\/api.w.org\/{rel}","templated":true}]}}