{"id":4319,"date":"2014-03-24T00:00:00","date_gmt":"2014-03-23T23:00:00","guid":{"rendered":"https:\/\/www.ibbycat.cat\/libby-anuncia-els-candidats-al-premi-andersen\/"},"modified":"2024-01-18T16:08:49","modified_gmt":"2024-01-18T15:08:49","slug":"libby-anuncia-els-candidats-al-premi-andersen","status":"publish","type":"post","link":"https:\/\/www.ibbycat.cat\/es\/libby-anuncia-els-candidats-al-premi-andersen\/","title":{"rendered":"L&#8217;IBBY ANUNCIA ELS CANDIDATS AL PREMI ANDERSEN"},"content":{"rendered":"<p><p>L&#8217;IBBY (Organitzaci\u00f3 Internacional per al Llibre Infantil i Juvenil) Ha anunciat <strong>els sis finalistes al Premi Andersen<\/strong>, considerat el<strong> premi internacional m\u00e9s prestigi\u00f3s de la literatura infantil<\/strong>. Es concedeix cada dos anys a un escriptor o escriptora i a un il\u00b7lustrador o il\u00b7lustradora pel conjut de la seva obra.<strong> Els guanyadors es faran p\u00fablics el proper 24 de mar\u00e7 en el marc de la Fira de Bolonya<\/strong>.<\/p>\n<p>S\u2019han presentat 58 candidats procedents de 33 seccions de l\u2019IBBY.<\/p>\n<p>Els finalistes son: <\/p>\n<p><strong>Escriptors:<\/strong> Ted van Lieshout (Pa\u00efsos Baixos), Houshang Moradi Kermani (Iran), Mirjam Pressler (Alemanya), Nahoko Uehashi (Jap\u00f3), Renate Wish (\u00c0ustria) i Jacqueline Woodson (EUA).<\/p>\n<p><strong>Il\u00b7lustradors<\/strong>: Rotraut Susanne Berner (Alemanya), John Burningham (Regne Unit), Eva Lindstr\u00f6m (Su\u00e8cia), Roger Mello (Brasil), Fra\u00e7oise Place (Fran\u00e7a) i Oyvind Toerseter (Noruega).<\/p>\n<p>La llista dels candidats es pot consultar a la web de l&#8217;IBBY.<\/p><\/p>\n","protected":false},"excerpt":{"rendered":"<p>L&#8217;IBBY (Organitzaci\u00f3 Internacional per al Llibre Infantil i Juvenil) Ha anunciat els sis finalistes al Premi Andersen, considerat el premi internacional m\u00e9s prestigi\u00f3s de la literatura infantil. Es concedeix cada dos anys a un escriptor o escriptora i a un il\u00b7lustrador o il\u00b7lustradora pel conjut de la seva obra. Els guanyadors es faran p\u00fablics el [&hellip;]<\/p>\n","protected":false},"author":3,"featured_media":2112,"comment_status":"closed","ping_status":"open","sticky":false,"template":"","format":"standard","meta":{"_acf_changed":false,"inline_featured_image":false,"_monsterinsights_skip_tracking":false,"footnotes":""},"categories":[268],"tags":[],"class_list":["post-4319","post","type-post","status-publish","format-standard","has-post-thumbnail","hentry","category-uncategorized"],"acf":{"photo_gallery":{"galeria":[[]]}},"_links":{"self":[{"href":"https:\/\/www.ibbycat.cat\/es\/wp-json\/wp\/v2\/posts\/4319","targetHints":{"allow":["GET"]}}],"collection":[{"href":"https:\/\/www.ibbycat.cat\/es\/wp-json\/wp\/v2\/posts"}],"about":[{"href":"https:\/\/www.ibbycat.cat\/es\/wp-json\/wp\/v2\/types\/post"}],"author":[{"embeddable":true,"href":"https:\/\/www.ibbycat.cat\/es\/wp-json\/wp\/v2\/users\/3"}],"replies":[{"embeddable":true,"href":"https:\/\/www.ibbycat.cat\/es\/wp-json\/wp\/v2\/comments?post=4319"}],"version-history":[{"count":1,"href":"https:\/\/www.ibbycat.cat\/es\/wp-json\/wp\/v2\/posts\/4319\/revisions"}],"predecessor-version":[{"id":5301,"href":"https:\/\/www.ibbycat.cat\/es\/wp-json\/wp\/v2\/posts\/4319\/revisions\/5301"}],"wp:featuredmedia":[{"embeddable":true,"href":"https:\/\/www.ibbycat.cat\/es\/wp-json\/wp\/v2\/media\/2112"}],"wp:attachment":[{"href":"https:\/\/www.ibbycat.cat\/es\/wp-json\/wp\/v2\/media?parent=4319"}],"wp:term":[{"taxonomy":"category","embeddable":true,"href":"https:\/\/www.ibbycat.cat\/es\/wp-json\/wp\/v2\/categories?post=4319"},{"taxonomy":"post_tag","embeddable":true,"href":"https:\/\/www.ibbycat.cat\/es\/wp-json\/wp\/v2\/tags?post=4319"}],"curies":[{"name":"wp","href":"https:\/\/api.w.org\/{rel}","templated":true}]}}