{"id":4374,"date":"2014-09-13T00:00:00","date_gmt":"2014-09-12T22:00:00","guid":{"rendered":"https:\/\/www.ibbycat.cat\/34e-congres-internacional-de-libby\/"},"modified":"2024-01-18T16:09:11","modified_gmt":"2024-01-18T15:09:11","slug":"34e-congres-internacional-de-libby","status":"publish","type":"post","link":"https:\/\/www.ibbycat.cat\/es\/34e-congres-internacional-de-libby\/","title":{"rendered":"34\u00e8 Congr\u00e8s Internacional de l&#8217;IBBY"},"content":{"rendered":"<p><p>Del <strong>10 al 13 de setembre<\/strong>, se celebrar\u00e0 a <strong>C<\/strong><strong>iutat de M\u00e8xic <\/strong>l&#8217;esdeveniment m\u00e9s important del m\u00f3n pel que fa a la literatura infantil i juvenil: el <strong>Congr\u00e9s Internacional de l&#8217;IBBY<\/strong>, sota el lema <strong>Que tots signifiqui tots!<\/strong><br \/>Els participants provinents de <strong>52 pa\u00efsos diferents <\/strong>debatran sobre diferents eixos tem\u00e0tics:<em>Concepte d&#8217;inclusi\u00f3<\/em>, <em>La literatura com a casa hospital\u00e0ria<\/em>, <em>La literatura: un espai on ens reconeguem tots<\/em>, entre d&#8217;altres.<\/p><\/p>\n","protected":false},"excerpt":{"rendered":"<p>Del 10 al 13 de setembre, se celebrar\u00e0 a Ciutat de M\u00e8xic l&#8217;esdeveniment m\u00e9s important del m\u00f3n pel que fa a la literatura infantil i juvenil: el Congr\u00e9s Internacional de l&#8217;IBBY, sota el lema Que tots signifiqui tots!Els participants provinents de 52 pa\u00efsos diferents debatran sobre diferents eixos tem\u00e0tics:Concepte d&#8217;inclusi\u00f3, La literatura com a casa [&hellip;]<\/p>\n","protected":false},"author":3,"featured_media":2213,"comment_status":"closed","ping_status":"open","sticky":false,"template":"","format":"standard","meta":{"_acf_changed":false,"rs_blank_template":"","rs_page_bg_color":"","slide_template_v7":"","inline_featured_image":false,"_monsterinsights_skip_tracking":false,"footnotes":""},"categories":[268],"tags":[],"class_list":["post-4374","post","type-post","status-publish","format-standard","has-post-thumbnail","hentry","category-uncategorized"],"acf":{"photo_gallery":{"galeria":[[]]}},"_links":{"self":[{"href":"https:\/\/www.ibbycat.cat\/es\/wp-json\/wp\/v2\/posts\/4374","targetHints":{"allow":["GET"]}}],"collection":[{"href":"https:\/\/www.ibbycat.cat\/es\/wp-json\/wp\/v2\/posts"}],"about":[{"href":"https:\/\/www.ibbycat.cat\/es\/wp-json\/wp\/v2\/types\/post"}],"author":[{"embeddable":true,"href":"https:\/\/www.ibbycat.cat\/es\/wp-json\/wp\/v2\/users\/3"}],"replies":[{"embeddable":true,"href":"https:\/\/www.ibbycat.cat\/es\/wp-json\/wp\/v2\/comments?post=4374"}],"version-history":[{"count":1,"href":"https:\/\/www.ibbycat.cat\/es\/wp-json\/wp\/v2\/posts\/4374\/revisions"}],"predecessor-version":[{"id":5298,"href":"https:\/\/www.ibbycat.cat\/es\/wp-json\/wp\/v2\/posts\/4374\/revisions\/5298"}],"wp:featuredmedia":[{"embeddable":true,"href":"https:\/\/www.ibbycat.cat\/es\/wp-json\/wp\/v2\/media\/2213"}],"wp:attachment":[{"href":"https:\/\/www.ibbycat.cat\/es\/wp-json\/wp\/v2\/media?parent=4374"}],"wp:term":[{"taxonomy":"category","embeddable":true,"href":"https:\/\/www.ibbycat.cat\/es\/wp-json\/wp\/v2\/categories?post=4374"},{"taxonomy":"post_tag","embeddable":true,"href":"https:\/\/www.ibbycat.cat\/es\/wp-json\/wp\/v2\/tags?post=4374"}],"curies":[{"name":"wp","href":"https:\/\/api.w.org\/{rel}","templated":true}]}}