{"id":4418,"date":"2014-11-25T00:00:00","date_gmt":"2014-11-24T23:00:00","guid":{"rendered":"https:\/\/www.ibbycat.cat\/yo-voy-sonando-caminos\/"},"modified":"2024-01-18T16:09:28","modified_gmt":"2024-01-18T15:09:28","slug":"yo-voy-sonando-caminos","status":"publish","type":"post","link":"https:\/\/www.ibbycat.cat\/es\/yo-voy-sonando-caminos\/","title":{"rendered":"Yo voy so\u00f1ando caminos"},"content":{"rendered":"<p><p>L&#8217;Associaci\u00f3 Professional d&#8217;Il\u00b7lustradors Valencians i l&#8217;ESAD han orgaitzat aquesta exposici\u00f3, en commemoraci\u00f3 del 75 aniversari de la mort d&#8217;Antonio Machado, que podr\u00e0 visitar-se a l&#8217;espai de l\u2019Escola d\u2019Art i Superior de Disseny de Castell\u00f3 des de l&#8217;1 fins el 19 de desembre. <\/p>\n<p>73 il\u00b7lustradors recorden la figura del poeta, entre els quals es troben autors de prestigi com ara Pablo Auladell, Paco Gim\u00e9nez, Jos\u00e9 Lu\u00eds \u00c1greda, Miguel \u00c1ngel Giner, Cristina Dur\u00e1n, Carlos Ort\u00edn, Aitana Carrasco i un llarg etc\u00e8tera. <\/p><\/p>\n","protected":false},"excerpt":{"rendered":"<p>L&#8217;Associaci\u00f3 Professional d&#8217;Il\u00b7lustradors Valencians i l&#8217;ESAD han orgaitzat aquesta exposici\u00f3, en commemoraci\u00f3 del 75 aniversari de la mort d&#8217;Antonio Machado, que podr\u00e0 visitar-se a l&#8217;espai de l\u2019Escola d\u2019Art i Superior de Disseny de Castell\u00f3 des de l&#8217;1 fins el 19 de desembre. 73 il\u00b7lustradors recorden la figura del poeta, entre els quals es troben autors [&hellip;]<\/p>\n","protected":false},"author":3,"featured_media":2295,"comment_status":"closed","ping_status":"open","sticky":false,"template":"","format":"standard","meta":{"_acf_changed":false,"inline_featured_image":false,"_monsterinsights_skip_tracking":false,"footnotes":""},"categories":[268],"tags":[],"class_list":["post-4418","post","type-post","status-publish","format-standard","has-post-thumbnail","hentry","category-uncategorized"],"acf":{"photo_gallery":{"galeria":[[]]}},"_links":{"self":[{"href":"https:\/\/www.ibbycat.cat\/es\/wp-json\/wp\/v2\/posts\/4418","targetHints":{"allow":["GET"]}}],"collection":[{"href":"https:\/\/www.ibbycat.cat\/es\/wp-json\/wp\/v2\/posts"}],"about":[{"href":"https:\/\/www.ibbycat.cat\/es\/wp-json\/wp\/v2\/types\/post"}],"author":[{"embeddable":true,"href":"https:\/\/www.ibbycat.cat\/es\/wp-json\/wp\/v2\/users\/3"}],"replies":[{"embeddable":true,"href":"https:\/\/www.ibbycat.cat\/es\/wp-json\/wp\/v2\/comments?post=4418"}],"version-history":[{"count":1,"href":"https:\/\/www.ibbycat.cat\/es\/wp-json\/wp\/v2\/posts\/4418\/revisions"}],"predecessor-version":[{"id":20506,"href":"https:\/\/www.ibbycat.cat\/es\/wp-json\/wp\/v2\/posts\/4418\/revisions\/20506"}],"wp:featuredmedia":[{"embeddable":true,"href":"https:\/\/www.ibbycat.cat\/es\/wp-json\/wp\/v2\/media\/2295"}],"wp:attachment":[{"href":"https:\/\/www.ibbycat.cat\/es\/wp-json\/wp\/v2\/media?parent=4418"}],"wp:term":[{"taxonomy":"category","embeddable":true,"href":"https:\/\/www.ibbycat.cat\/es\/wp-json\/wp\/v2\/categories?post=4418"},{"taxonomy":"post_tag","embeddable":true,"href":"https:\/\/www.ibbycat.cat\/es\/wp-json\/wp\/v2\/tags?post=4418"}],"curies":[{"name":"wp","href":"https:\/\/api.w.org\/{rel}","templated":true}]}}